{"id":1437,"date":"2014-09-15T14:38:43","date_gmt":"2014-09-15T14:38:43","guid":{"rendered":"https:\/\/aikidojo.fr\/ajaccio\/?p=1437"},"modified":"2014-09-15T20:08:36","modified_gmt":"2014-09-15T20:08:36","slug":"les-news-de-la-rentree-2014-2015","status":"publish","type":"post","link":"https:\/\/aikidojo.fr\/ajaccio\/actu\/1437-les-news-de-la-rentree-2014-2015.html","title":{"rendered":"Les news de la rentr\u00e9e 2014 \/ 2015"},"content":{"rendered":"<p style=\"text-align: justify;\">La saison qui commence va \u00eatre rempli d&rsquo;\u00e9v\u00e8nements pour notre dojo. En effet, nous allons commencer par notre pr\u00e9sence \u00e0 la journ\u00e9e du sport le 27 septembre au Palatinu d&rsquo;Ajaccio. On esp\u00e8re vous y retrouver nombreux. A cette occasion, nous aurons la visite de mon ami Yoan Chatelain 3 dan aikido, avec qui nous allons tourner un nouveau clip, et il sera notre instructeur les 2 soirs de sa pr\u00e9sence au dojo.<\/p>\n<figure id=\"attachment_1438\" aria-describedby=\"caption-attachment-1438\" style=\"width: 290px\" class=\"wp-caption alignnone\"><a href=\"https:\/\/aikidojo.fr\/ajaccio\/wp-content\/uploads\/2014\/09\/Yoan_13_\u00a9StefBravin.jpg\" target=\"_blank\"><img loading=\"lazy\" decoding=\"async\" class=\"wp-image-1438 size-medium\" src=\"https:\/\/aikidojo.fr\/ajaccio\/wp-content\/uploads\/2014\/09\/Yoan_13_\u00a9StefBravin-300x294.jpg\" alt=\"Stef Bravin et Yoan Chatelain en 2009\" width=\"300\" height=\"294\" srcset=\"https:\/\/aikidojo.fr\/ajaccio\/wp-content\/uploads\/2014\/09\/Yoan_13_\u00a9StefBravin-300x294.jpg 300w, https:\/\/aikidojo.fr\/ajaccio\/wp-content\/uploads\/2014\/09\/Yoan_13_\u00a9StefBravin-580x570.jpg 580w, https:\/\/aikidojo.fr\/ajaccio\/wp-content\/uploads\/2014\/09\/Yoan_13_\u00a9StefBravin-150x147.jpg 150w, https:\/\/aikidojo.fr\/ajaccio\/wp-content\/uploads\/2014\/09\/Yoan_13_\u00a9StefBravin-400x393.jpg 400w\" sizes=\"(max-width: 300px) 100vw, 300px\" \/><\/a><figcaption id=\"caption-attachment-1438\" class=\"wp-caption-text\">Stef Bravin et Yoan Chatelain en 2009<\/figcaption><\/figure>\n<p style=\"text-align: justify;\">Yoan a commenc\u00e9 l&rsquo;aikido en 2002 avec Yann Besan\u00e7on 4 dan, puis suit maintenant <a title=\"Daniel Toutain Sensei\" href=\"http:\/\/www.fundamental-aikido.com\/daniel-toutain-sensei\" target=\"_blank\">Daniel Toutain Sensei<\/a>\u00a0et a obtenu son 3dan en septembre 2014.<\/p>\n<p style=\"text-align: justify;\">Nos amis partenaire de l&rsquo;association <a href=\"http:\/\/www.uminonaka.com\" target=\"_blank\">Umi No Naka<\/a> , organisent le \u00ab\u00a0Festival de Japon\u00a0\u00bb le 22 novembre \u00e0 la m\u00e9diath\u00e8que St Jean d&rsquo;Ajaccio. Notre dojo d&rsquo;Aikido Traditionnel sera bien entendu pr\u00e9sent, et nous aurons un petit atelier d\u00e9couverte, initiations, et d\u00e9monstrations. D&rsquo;autres activit\u00e9s, comme le jeux de Go, kimono, cuisine entre autre seront propos\u00e9es. Les infos activit\u00e9s de la journ\u00e9e sont sur <a href=\"https:\/\/www.facebook.com\/festivaljaponaiacciu\" target=\"_blank\">facebook<\/a> pour le moment : <a href=\"https:\/\/www.facebook.com\/festivaljaponaiacciu\" target=\"_blank\">\u00ab\u00a0festival Japon\u00a0\u00bb<\/a><\/p>\n<h4 style=\"text-align: justify;\">Cot\u00e9 stages :<\/h4>\n<p style=\"text-align: justify;\">Nous avons le plaisir d&rsquo;accueillir <a href=\"http:\/\/www.fundamental-aikido.com\/daniel-toutain-sensei\" target=\"_blank\">Daniel Toutain Sensei<\/a> du 1 au 3 mai 2015 \u00e0 Ajaccio pour un stage bien rempli qui s&rsquo;annonce, et avec pour la premi\u00e8re fois en Corse, un passage de grade Dan. <a href=\"http:\/\/www.stefbravin.com\/download\/StageDaniel.pdf\" target=\"_blank\">L&rsquo;affiche du stage<\/a> est d&rsquo;ores et d\u00e9j\u00e0 disponible. Tr\u00e8s bient\u00f4t, les informations h\u00e9bergement seront en ligne. Pensez \u00e0 r\u00e9server d\u00e8s maintenant vos vols. A l&rsquo;issue du stage, pour ceux qui le souhaitent, vous pourrez \u00a0profiter de passer quelques jours de vacances en famille en Corse. Nous pourrons vous aider et guider pour votre s\u00e9jour.<\/p>\n<figure id=\"attachment_1439\" aria-describedby=\"caption-attachment-1439\" style=\"width: 570px\" class=\"wp-caption alignnone\"><a href=\"https:\/\/aikidojo.fr\/ajaccio\/wp-content\/uploads\/2014\/09\/Stef-Daniel.jpg\" target=\"_blank\"><img loading=\"lazy\" decoding=\"async\" class=\"wp-image-1439 size-large\" title=\"Stage Aikido Ajaccio Corse\" src=\"https:\/\/aikidojo.fr\/ajaccio\/wp-content\/uploads\/2014\/09\/Stef-Daniel-580x386.jpg\" alt=\"Stage Aikido Ajaccio Corse\" width=\"580\" height=\"386\" srcset=\"https:\/\/aikidojo.fr\/ajaccio\/wp-content\/uploads\/2014\/09\/Stef-Daniel-580x386.jpg 580w, https:\/\/aikidojo.fr\/ajaccio\/wp-content\/uploads\/2014\/09\/Stef-Daniel-300x199.jpg 300w, https:\/\/aikidojo.fr\/ajaccio\/wp-content\/uploads\/2014\/09\/Stef-Daniel-150x99.jpg 150w, https:\/\/aikidojo.fr\/ajaccio\/wp-content\/uploads\/2014\/09\/Stef-Daniel-400x266.jpg 400w, https:\/\/aikidojo.fr\/ajaccio\/wp-content\/uploads\/2014\/09\/Stef-Daniel.jpg 1146w\" sizes=\"(max-width: 580px) 100vw, 580px\" \/><\/a><figcaption id=\"caption-attachment-1439\" class=\"wp-caption-text\">Daniel Toutain et Stef Bravin \u00e0 Auray en 2014<\/figcaption><\/figure>\n<p>&nbsp;<\/p>\n<p style=\"text-align: justify;\">En f\u00e9vrier nous reconduisons notre <a href=\"https:\/\/aikidojo.fr\/ajaccio\/photo\/1332-photos-koshukai-stage-ajaccio.html\" target=\"_blank\">koshukai<\/a>\u00a0d&rsquo;hiver. Celui-ci sera le 3\u00e8me et sera dirig\u00e9 par <a href=\"https:\/\/aikidojo.fr\/liffre\/notre-dojo\/serge-maniey\/\" target=\"_blank\">Serge Maniey<\/a> et <a href=\"http:\/\/www.fundamental-aiki-algerie.com\/index.php\/2013-09-16-12-47-32\/94-sebbagh-said-2e-dan-japon\" target=\"_blank\">Said Sebbagh<\/a>, tout deux 5 dan d&rsquo;aikido. Malheureusement mon ami Eric Savalli ne pourra se joindre \u00e0 nous cette ann\u00e9e. Vous pouvez revoir les photos du dernier koshukai dans la page <a href=\"https:\/\/aikidojo.fr\/ajaccio\/theme\/photo\" target=\"_blank\">photo<\/a>.<\/p>\n<p><a href=\"https:\/\/aikidojo.fr\/ajaccio\/wp-content\/uploads\/2014\/07\/2_Koshukai_016_\u00a9_StefBravin.jpg\" target=\"_blank\"><img loading=\"lazy\" decoding=\"async\" class=\"alignnone wp-image-1343 size-large\" title=\"cours aikido corse\" src=\"https:\/\/aikidojo.fr\/ajaccio\/wp-content\/uploads\/2014\/07\/2_Koshukai_016_\u00a9_StefBravin-580x222.jpg\" alt=\"cours aikido corse\" width=\"580\" height=\"222\" srcset=\"https:\/\/aikidojo.fr\/ajaccio\/wp-content\/uploads\/2014\/07\/2_Koshukai_016_\u00a9_StefBravin-580x222.jpg 580w, https:\/\/aikidojo.fr\/ajaccio\/wp-content\/uploads\/2014\/07\/2_Koshukai_016_\u00a9_StefBravin-300x115.jpg 300w, https:\/\/aikidojo.fr\/ajaccio\/wp-content\/uploads\/2014\/07\/2_Koshukai_016_\u00a9_StefBravin-150x57.jpg 150w, https:\/\/aikidojo.fr\/ajaccio\/wp-content\/uploads\/2014\/07\/2_Koshukai_016_\u00a9_StefBravin-400x153.jpg 400w, https:\/\/aikidojo.fr\/ajaccio\/wp-content\/uploads\/2014\/07\/2_Koshukai_016_\u00a9_StefBravin.jpg 714w\" sizes=\"(max-width: 580px) 100vw, 580px\" \/><\/a><\/p>\n<p>&nbsp;<\/p>\n<p>&nbsp;<\/p>\n<p style=\"text-align: justify;\">Et bien entendu, nous organisons 3 stages suppl\u00e9mentaires dirig\u00e9s par <a href=\"https:\/\/aikidojo.fr\/ajaccio\/enseignant-aikido-corse\" target=\"_blank\">Stef Bravin<\/a>, le dojocho d&rsquo;aikido fondamental en Corse. Le premier aura lieu le 13 d\u00e9cembre 2014 avec passage de grade kyu \u00e0 la fin du stage. Les infos sont sur cette <a href=\"https:\/\/aikidojo.fr\/ajaccio\/wp-content\/uploads\/2014\/09\/stage_aikido_ajaccio_corse.pdf\" target=\"_blank\">affiche<\/a> t\u00e9l\u00e9chargeable. Les 2 autres stages auront lieu en mars et juin 2015. Toute l&rsquo;actualit\u00e9 des stages est sur notre <a href=\"https:\/\/aikidojo.fr\/ajaccio\/stages-aikido-corse-ajaccio\" target=\"_blank\">page \u00ab\u00a0stages\u00a0\u00bb<\/a><\/p>\n<p style=\"text-align: justify;\"><a href=\"https:\/\/aikidojo.fr\/ajaccio\/wp-content\/uploads\/2014\/09\/stage_aikido_ajaccio_corse.pdf\">stage_aikido_ajaccio_corse<\/a><\/p>\n<h5 style=\"text-align: justify;\">Nous rappelons que tous nos stages sont ouverts \u00e0 tous pratiquants d&rsquo;aikido quelque soit son \u00e9cole. Chacun est bienvenue<\/h5>\n","protected":false},"excerpt":{"rendered":"<p>La rentr\u00e9e vient d&rsquo;avoir lieu, et l&rsquo;ann\u00e9e s&rsquo;annonce riche en \u00e9v\u00e8nements<\/p>\n","protected":false},"author":2,"featured_media":1448,"comment_status":"open","ping_status":"closed","sticky":false,"template":"","format":"standard","meta":{"footnotes":""},"categories":[7],"tags":[13,18,53,19],"class_list":["post-1437","post","type-post","status-publish","format-standard","has-post-thumbnail","hentry","category-actu","tag-aikido","tag-ajaccio","tag-arts-martiaux","tag-corse","infinite-scroll-item","generate-columns","tablet-grid-50","mobile-grid-100","grid-parent","grid-50"],"yoast_head":"<!-- This site is optimized with the Yoast SEO plugin v23.4 - https:\/\/yoast.com\/wordpress\/plugins\/seo\/ -->\n<title>Les news de la rentr\u00e9e 2014 \/ 2015 - Cours d&#039;Aikido Fondamental \u00e0 Ajaccio<\/title>\n<meta name=\"robots\" content=\"index, follow, max-snippet:-1, max-image-preview:large, max-video-preview:-1\" \/>\n<link rel=\"canonical\" href=\"https:\/\/aikidojo.fr\/ajaccio\/actu\/1437-les-news-de-la-rentree-2014-2015.html\" \/>\n<meta property=\"og:locale\" content=\"fr_FR\" \/>\n<meta property=\"og:type\" content=\"article\" \/>\n<meta property=\"og:title\" content=\"Les news de la rentr\u00e9e 2014 \/ 2015 - Cours d&#039;Aikido Fondamental \u00e0 Ajaccio\" \/>\n<meta property=\"og:description\" content=\"La rentr\u00e9e vient d&#039;avoir lieu, et l&#039;ann\u00e9e s&#039;annonce riche en \u00e9v\u00e8nements\" \/>\n<meta property=\"og:url\" content=\"https:\/\/aikidojo.fr\/ajaccio\/actu\/1437-les-news-de-la-rentree-2014-2015.html\" \/>\n<meta property=\"og:site_name\" content=\"Cours d&#039;Aikido Fondamental \u00e0 Ajaccio\" \/>\n<meta property=\"article:publisher\" content=\"https:\/\/www.facebook.com\/aikidojoajaccio\" \/>\n<meta property=\"article:author\" content=\"https:\/\/www.facebook.com\/aikidojoajaccio\" \/>\n<meta property=\"article:published_time\" content=\"2014-09-15T14:38:43+00:00\" \/>\n<meta property=\"article:modified_time\" content=\"2014-09-15T20:08:36+00:00\" \/>\n<meta property=\"og:image\" content=\"https:\/\/aikidojo.fr\/ajaccio\/wp-content\/uploads\/2014\/09\/O-sensei-Morihei-UESHIBA-1.jpg\" \/>\n\t<meta property=\"og:image:width\" content=\"479\" \/>\n\t<meta property=\"og:image:height\" content=\"624\" \/>\n\t<meta property=\"og:image:type\" content=\"image\/jpeg\" \/>\n<meta name=\"author\" content=\"Stef Bravin\" \/>\n<meta name=\"twitter:card\" content=\"summary_large_image\" \/>\n<meta name=\"twitter:label1\" content=\"\u00c9crit par\" \/>\n\t<meta name=\"twitter:data1\" content=\"Stef Bravin\" \/>\n\t<meta name=\"twitter:label2\" content=\"Dur\u00e9e de lecture estim\u00e9e\" \/>\n\t<meta name=\"twitter:data2\" content=\"2 minutes\" \/>\n<script type=\"application\/ld+json\" class=\"yoast-schema-graph\">{\"@context\":\"https:\/\/schema.org\",\"@graph\":[{\"@type\":\"Article\",\"@id\":\"https:\/\/aikidojo.fr\/ajaccio\/actu\/1437-les-news-de-la-rentree-2014-2015.html#article\",\"isPartOf\":{\"@id\":\"https:\/\/aikidojo.fr\/ajaccio\/actu\/1437-les-news-de-la-rentree-2014-2015.html\"},\"author\":{\"name\":\"Stef Bravin\",\"@id\":\"https:\/\/aikidojo.fr\/ajaccio\/#\/schema\/person\/328adca0cc58288bcfb13e3dad16a001\"},\"headline\":\"Les news de la rentr\u00e9e 2014 \/ 2015\",\"datePublished\":\"2014-09-15T14:38:43+00:00\",\"dateModified\":\"2014-09-15T20:08:36+00:00\",\"mainEntityOfPage\":{\"@id\":\"https:\/\/aikidojo.fr\/ajaccio\/actu\/1437-les-news-de-la-rentree-2014-2015.html\"},\"wordCount\":436,\"commentCount\":0,\"publisher\":{\"@id\":\"https:\/\/aikidojo.fr\/ajaccio\/#organization\"},\"image\":{\"@id\":\"https:\/\/aikidojo.fr\/ajaccio\/actu\/1437-les-news-de-la-rentree-2014-2015.html#primaryimage\"},\"thumbnailUrl\":\"https:\/\/aikidojo.fr\/ajaccio\/wp-content\/uploads\/2014\/09\/O-sensei-Morihei-UESHIBA-1.jpg\",\"keywords\":[\"aikido\",\"ajaccio\",\"arts martiaux\",\"corse\"],\"articleSection\":[\"Nutizie\"],\"inLanguage\":\"fr-FR\",\"potentialAction\":[{\"@type\":\"CommentAction\",\"name\":\"Comment\",\"target\":[\"https:\/\/aikidojo.fr\/ajaccio\/actu\/1437-les-news-de-la-rentree-2014-2015.html#respond\"]}]},{\"@type\":\"WebPage\",\"@id\":\"https:\/\/aikidojo.fr\/ajaccio\/actu\/1437-les-news-de-la-rentree-2014-2015.html\",\"url\":\"https:\/\/aikidojo.fr\/ajaccio\/actu\/1437-les-news-de-la-rentree-2014-2015.html\",\"name\":\"Les news de la rentr\u00e9e 2014 \/ 2015 - Cours d&#039;Aikido Fondamental \u00e0 Ajaccio\",\"isPartOf\":{\"@id\":\"https:\/\/aikidojo.fr\/ajaccio\/#website\"},\"primaryImageOfPage\":{\"@id\":\"https:\/\/aikidojo.fr\/ajaccio\/actu\/1437-les-news-de-la-rentree-2014-2015.html#primaryimage\"},\"image\":{\"@id\":\"https:\/\/aikidojo.fr\/ajaccio\/actu\/1437-les-news-de-la-rentree-2014-2015.html#primaryimage\"},\"thumbnailUrl\":\"https:\/\/aikidojo.fr\/ajaccio\/wp-content\/uploads\/2014\/09\/O-sensei-Morihei-UESHIBA-1.jpg\",\"datePublished\":\"2014-09-15T14:38:43+00:00\",\"dateModified\":\"2014-09-15T20:08:36+00:00\",\"breadcrumb\":{\"@id\":\"https:\/\/aikidojo.fr\/ajaccio\/actu\/1437-les-news-de-la-rentree-2014-2015.html#breadcrumb\"},\"inLanguage\":\"fr-FR\",\"potentialAction\":[{\"@type\":\"ReadAction\",\"target\":[\"https:\/\/aikidojo.fr\/ajaccio\/actu\/1437-les-news-de-la-rentree-2014-2015.html\"]}]},{\"@type\":\"ImageObject\",\"inLanguage\":\"fr-FR\",\"@id\":\"https:\/\/aikidojo.fr\/ajaccio\/actu\/1437-les-news-de-la-rentree-2014-2015.html#primaryimage\",\"url\":\"https:\/\/aikidojo.fr\/ajaccio\/wp-content\/uploads\/2014\/09\/O-sensei-Morihei-UESHIBA-1.jpg\",\"contentUrl\":\"https:\/\/aikidojo.fr\/ajaccio\/wp-content\/uploads\/2014\/09\/O-sensei-Morihei-UESHIBA-1.jpg\",\"width\":479,\"height\":624},{\"@type\":\"BreadcrumbList\",\"@id\":\"https:\/\/aikidojo.fr\/ajaccio\/actu\/1437-les-news-de-la-rentree-2014-2015.html#breadcrumb\",\"itemListElement\":[{\"@type\":\"ListItem\",\"position\":1,\"name\":\"Home\",\"item\":\"https:\/\/aikidojo.fr\/ajaccio\/\"},{\"@type\":\"ListItem\",\"position\":2,\"name\":\"Les news de la rentr\u00e9e 2014 \/ 2015\"}]},{\"@type\":\"WebSite\",\"@id\":\"https:\/\/aikidojo.fr\/ajaccio\/#website\",\"url\":\"https:\/\/aikidojo.fr\/ajaccio\/\",\"name\":\"Aikido Fondamental \u00e0 Ajaccio\",\"description\":\"FAA Corse\",\"publisher\":{\"@id\":\"https:\/\/aikidojo.fr\/ajaccio\/#organization\"},\"potentialAction\":[{\"@type\":\"SearchAction\",\"target\":{\"@type\":\"EntryPoint\",\"urlTemplate\":\"https:\/\/aikidojo.fr\/ajaccio\/?s={search_term_string}\"},\"query-input\":{\"@type\":\"PropertyValueSpecification\",\"valueRequired\":true,\"valueName\":\"search_term_string\"}}],\"inLanguage\":\"fr-FR\"},{\"@type\":\"Organization\",\"@id\":\"https:\/\/aikidojo.fr\/ajaccio\/#organization\",\"name\":\"AIki Dojo Ajaccio\",\"url\":\"https:\/\/aikidojo.fr\/ajaccio\/\",\"logo\":{\"@type\":\"ImageObject\",\"inLanguage\":\"fr-FR\",\"@id\":\"https:\/\/aikidojo.fr\/ajaccio\/#\/schema\/logo\/image\/\",\"url\":\"https:\/\/aikidojo.fr\/ajaccio\/wp-content\/uploads\/2011\/07\/kamon_aikidojo_ajaccio.jpg\",\"contentUrl\":\"https:\/\/aikidojo.fr\/ajaccio\/wp-content\/uploads\/2011\/07\/kamon_aikidojo_ajaccio.jpg\",\"width\":150,\"height\":150,\"caption\":\"AIki Dojo Ajaccio\"},\"image\":{\"@id\":\"https:\/\/aikidojo.fr\/ajaccio\/#\/schema\/logo\/image\/\"},\"sameAs\":[\"https:\/\/www.facebook.com\/aikidojoajaccio\"]},{\"@type\":\"Person\",\"@id\":\"https:\/\/aikidojo.fr\/ajaccio\/#\/schema\/person\/328adca0cc58288bcfb13e3dad16a001\",\"name\":\"Stef Bravin\",\"image\":{\"@type\":\"ImageObject\",\"inLanguage\":\"fr-FR\",\"@id\":\"https:\/\/aikidojo.fr\/ajaccio\/#\/schema\/person\/image\/\",\"url\":\"https:\/\/secure.gravatar.com\/avatar\/4fb70b3bc2f1e476eb9a9d3d3c93a6b5?s=96&d=mm&r=g\",\"contentUrl\":\"https:\/\/secure.gravatar.com\/avatar\/4fb70b3bc2f1e476eb9a9d3d3c93a6b5?s=96&d=mm&r=g\",\"caption\":\"Stef Bravin\"},\"sameAs\":[\"https:\/\/aikidojo.fr\/ajaccio\",\"https:\/\/www.facebook.com\/aikidojoajaccio\",\"https:\/\/www.instagram.com\/aikidojo_ajaccio\",\"https:\/\/youtube.com\/@aikidojoajacciocorse?si=ZsgIRtdGbTMnFWkH\"],\"url\":\"https:\/\/aikidojo.fr\/ajaccio\/author\/stef\"}]}<\/script>\n<!-- \/ Yoast SEO plugin. -->","yoast_head_json":{"title":"Les news de la rentr\u00e9e 2014 \/ 2015 - Cours d&#039;Aikido Fondamental \u00e0 Ajaccio","robots":{"index":"index","follow":"follow","max-snippet":"max-snippet:-1","max-image-preview":"max-image-preview:large","max-video-preview":"max-video-preview:-1"},"canonical":"https:\/\/aikidojo.fr\/ajaccio\/actu\/1437-les-news-de-la-rentree-2014-2015.html","og_locale":"fr_FR","og_type":"article","og_title":"Les news de la rentr\u00e9e 2014 \/ 2015 - Cours d&#039;Aikido Fondamental \u00e0 Ajaccio","og_description":"La rentr\u00e9e vient d'avoir lieu, et l'ann\u00e9e s'annonce riche en \u00e9v\u00e8nements","og_url":"https:\/\/aikidojo.fr\/ajaccio\/actu\/1437-les-news-de-la-rentree-2014-2015.html","og_site_name":"Cours d&#039;Aikido Fondamental \u00e0 Ajaccio","article_publisher":"https:\/\/www.facebook.com\/aikidojoajaccio","article_author":"https:\/\/www.facebook.com\/aikidojoajaccio","article_published_time":"2014-09-15T14:38:43+00:00","article_modified_time":"2014-09-15T20:08:36+00:00","og_image":[{"width":479,"height":624,"url":"https:\/\/aikidojo.fr\/ajaccio\/wp-content\/uploads\/2014\/09\/O-sensei-Morihei-UESHIBA-1.jpg","type":"image\/jpeg"}],"author":"Stef Bravin","twitter_card":"summary_large_image","twitter_misc":{"\u00c9crit par":"Stef Bravin","Dur\u00e9e de lecture estim\u00e9e":"2 minutes"},"schema":{"@context":"https:\/\/schema.org","@graph":[{"@type":"Article","@id":"https:\/\/aikidojo.fr\/ajaccio\/actu\/1437-les-news-de-la-rentree-2014-2015.html#article","isPartOf":{"@id":"https:\/\/aikidojo.fr\/ajaccio\/actu\/1437-les-news-de-la-rentree-2014-2015.html"},"author":{"name":"Stef Bravin","@id":"https:\/\/aikidojo.fr\/ajaccio\/#\/schema\/person\/328adca0cc58288bcfb13e3dad16a001"},"headline":"Les news de la rentr\u00e9e 2014 \/ 2015","datePublished":"2014-09-15T14:38:43+00:00","dateModified":"2014-09-15T20:08:36+00:00","mainEntityOfPage":{"@id":"https:\/\/aikidojo.fr\/ajaccio\/actu\/1437-les-news-de-la-rentree-2014-2015.html"},"wordCount":436,"commentCount":0,"publisher":{"@id":"https:\/\/aikidojo.fr\/ajaccio\/#organization"},"image":{"@id":"https:\/\/aikidojo.fr\/ajaccio\/actu\/1437-les-news-de-la-rentree-2014-2015.html#primaryimage"},"thumbnailUrl":"https:\/\/aikidojo.fr\/ajaccio\/wp-content\/uploads\/2014\/09\/O-sensei-Morihei-UESHIBA-1.jpg","keywords":["aikido","ajaccio","arts martiaux","corse"],"articleSection":["Nutizie"],"inLanguage":"fr-FR","potentialAction":[{"@type":"CommentAction","name":"Comment","target":["https:\/\/aikidojo.fr\/ajaccio\/actu\/1437-les-news-de-la-rentree-2014-2015.html#respond"]}]},{"@type":"WebPage","@id":"https:\/\/aikidojo.fr\/ajaccio\/actu\/1437-les-news-de-la-rentree-2014-2015.html","url":"https:\/\/aikidojo.fr\/ajaccio\/actu\/1437-les-news-de-la-rentree-2014-2015.html","name":"Les news de la rentr\u00e9e 2014 \/ 2015 - Cours d&#039;Aikido Fondamental \u00e0 Ajaccio","isPartOf":{"@id":"https:\/\/aikidojo.fr\/ajaccio\/#website"},"primaryImageOfPage":{"@id":"https:\/\/aikidojo.fr\/ajaccio\/actu\/1437-les-news-de-la-rentree-2014-2015.html#primaryimage"},"image":{"@id":"https:\/\/aikidojo.fr\/ajaccio\/actu\/1437-les-news-de-la-rentree-2014-2015.html#primaryimage"},"thumbnailUrl":"https:\/\/aikidojo.fr\/ajaccio\/wp-content\/uploads\/2014\/09\/O-sensei-Morihei-UESHIBA-1.jpg","datePublished":"2014-09-15T14:38:43+00:00","dateModified":"2014-09-15T20:08:36+00:00","breadcrumb":{"@id":"https:\/\/aikidojo.fr\/ajaccio\/actu\/1437-les-news-de-la-rentree-2014-2015.html#breadcrumb"},"inLanguage":"fr-FR","potentialAction":[{"@type":"ReadAction","target":["https:\/\/aikidojo.fr\/ajaccio\/actu\/1437-les-news-de-la-rentree-2014-2015.html"]}]},{"@type":"ImageObject","inLanguage":"fr-FR","@id":"https:\/\/aikidojo.fr\/ajaccio\/actu\/1437-les-news-de-la-rentree-2014-2015.html#primaryimage","url":"https:\/\/aikidojo.fr\/ajaccio\/wp-content\/uploads\/2014\/09\/O-sensei-Morihei-UESHIBA-1.jpg","contentUrl":"https:\/\/aikidojo.fr\/ajaccio\/wp-content\/uploads\/2014\/09\/O-sensei-Morihei-UESHIBA-1.jpg","width":479,"height":624},{"@type":"BreadcrumbList","@id":"https:\/\/aikidojo.fr\/ajaccio\/actu\/1437-les-news-de-la-rentree-2014-2015.html#breadcrumb","itemListElement":[{"@type":"ListItem","position":1,"name":"Home","item":"https:\/\/aikidojo.fr\/ajaccio\/"},{"@type":"ListItem","position":2,"name":"Les news de la rentr\u00e9e 2014 \/ 2015"}]},{"@type":"WebSite","@id":"https:\/\/aikidojo.fr\/ajaccio\/#website","url":"https:\/\/aikidojo.fr\/ajaccio\/","name":"Aikido Fondamental \u00e0 Ajaccio","description":"FAA Corse","publisher":{"@id":"https:\/\/aikidojo.fr\/ajaccio\/#organization"},"potentialAction":[{"@type":"SearchAction","target":{"@type":"EntryPoint","urlTemplate":"https:\/\/aikidojo.fr\/ajaccio\/?s={search_term_string}"},"query-input":{"@type":"PropertyValueSpecification","valueRequired":true,"valueName":"search_term_string"}}],"inLanguage":"fr-FR"},{"@type":"Organization","@id":"https:\/\/aikidojo.fr\/ajaccio\/#organization","name":"AIki Dojo Ajaccio","url":"https:\/\/aikidojo.fr\/ajaccio\/","logo":{"@type":"ImageObject","inLanguage":"fr-FR","@id":"https:\/\/aikidojo.fr\/ajaccio\/#\/schema\/logo\/image\/","url":"https:\/\/aikidojo.fr\/ajaccio\/wp-content\/uploads\/2011\/07\/kamon_aikidojo_ajaccio.jpg","contentUrl":"https:\/\/aikidojo.fr\/ajaccio\/wp-content\/uploads\/2011\/07\/kamon_aikidojo_ajaccio.jpg","width":150,"height":150,"caption":"AIki Dojo Ajaccio"},"image":{"@id":"https:\/\/aikidojo.fr\/ajaccio\/#\/schema\/logo\/image\/"},"sameAs":["https:\/\/www.facebook.com\/aikidojoajaccio"]},{"@type":"Person","@id":"https:\/\/aikidojo.fr\/ajaccio\/#\/schema\/person\/328adca0cc58288bcfb13e3dad16a001","name":"Stef Bravin","image":{"@type":"ImageObject","inLanguage":"fr-FR","@id":"https:\/\/aikidojo.fr\/ajaccio\/#\/schema\/person\/image\/","url":"https:\/\/secure.gravatar.com\/avatar\/4fb70b3bc2f1e476eb9a9d3d3c93a6b5?s=96&d=mm&r=g","contentUrl":"https:\/\/secure.gravatar.com\/avatar\/4fb70b3bc2f1e476eb9a9d3d3c93a6b5?s=96&d=mm&r=g","caption":"Stef Bravin"},"sameAs":["https:\/\/aikidojo.fr\/ajaccio","https:\/\/www.facebook.com\/aikidojoajaccio","https:\/\/www.instagram.com\/aikidojo_ajaccio","https:\/\/youtube.com\/@aikidojoajacciocorse?si=ZsgIRtdGbTMnFWkH"],"url":"https:\/\/aikidojo.fr\/ajaccio\/author\/stef"}]}},"_links":{"self":[{"href":"https:\/\/aikidojo.fr\/ajaccio\/wp-json\/wp\/v2\/posts\/1437"}],"collection":[{"href":"https:\/\/aikidojo.fr\/ajaccio\/wp-json\/wp\/v2\/posts"}],"about":[{"href":"https:\/\/aikidojo.fr\/ajaccio\/wp-json\/wp\/v2\/types\/post"}],"author":[{"embeddable":true,"href":"https:\/\/aikidojo.fr\/ajaccio\/wp-json\/wp\/v2\/users\/2"}],"replies":[{"embeddable":true,"href":"https:\/\/aikidojo.fr\/ajaccio\/wp-json\/wp\/v2\/comments?post=1437"}],"version-history":[{"count":6,"href":"https:\/\/aikidojo.fr\/ajaccio\/wp-json\/wp\/v2\/posts\/1437\/revisions"}],"predecessor-version":[{"id":1457,"href":"https:\/\/aikidojo.fr\/ajaccio\/wp-json\/wp\/v2\/posts\/1437\/revisions\/1457"}],"wp:featuredmedia":[{"embeddable":true,"href":"https:\/\/aikidojo.fr\/ajaccio\/wp-json\/wp\/v2\/media\/1448"}],"wp:attachment":[{"href":"https:\/\/aikidojo.fr\/ajaccio\/wp-json\/wp\/v2\/media?parent=1437"}],"wp:term":[{"taxonomy":"category","embeddable":true,"href":"https:\/\/aikidojo.fr\/ajaccio\/wp-json\/wp\/v2\/categories?post=1437"},{"taxonomy":"post_tag","embeddable":true,"href":"https:\/\/aikidojo.fr\/ajaccio\/wp-json\/wp\/v2\/tags?post=1437"}],"curies":[{"name":"wp","href":"https:\/\/api.w.org\/{rel}","templated":true}]}}