{"id":1570,"date":"2015-01-12T10:04:50","date_gmt":"2015-01-12T10:04:50","guid":{"rendered":"https:\/\/aikidojo.fr\/ajaccio\/?p=1570"},"modified":"2015-02-04T14:47:34","modified_gmt":"2015-02-04T14:47:34","slug":"stage-daniel-toutain-sensei","status":"publish","type":"post","link":"https:\/\/aikidojo.fr\/ajaccio\/actu\/1570-stage-daniel-toutain-sensei.html","title":{"rendered":"Stage Daniel Toutain Sensei 1 au 3 mai 2015"},"content":{"rendered":"<p style=\"text-align: justify;\">Pour la premi\u00e8re fois, \u00a0nous avons le plaisir d&rsquo;accueillir mon ami et Sensei, \u00a0<a href=\"http:\/\/www.fundamental-aikido.com\/daniel-toutain-sensei\" target=\"_blank\">Daniel Toutain<\/a>, \u00a06 dan aikikai et Saito Sensei, \u00a0pour un stage de 3 jours. \u00a0Tout se passera \u00e0 Ajaccio, \u00a0au <a href=\"https:\/\/www.google.fr\/maps\/place\/CREPS+-+Chambre+des+Metiers\/@41.947681,8.758507,16z\/data=!4m2!3m1!1s0x12da6bd1bf9c006b:0xdb0b46719ffb10dc?hl=fr\" target=\"_blank\">CSJC<\/a> du vendredi 1 au dimanche 3 mai. Daniel a plus de 40 ans de pratique en aikido, \u00a0et fut \u00e9l\u00e8ve et assistant de Noro Sensei, \u00a0Tamura Sensei, \u00a0et <a href=\"http:\/\/www.fundamental-aikido.com\/morihiro-saito-sensei\" target=\"_blank\">Saito Sensei<\/a>.<\/p>\n<p style=\"text-align: justify;\"><span style=\"color: #808080;\"><em>For the first time, \u00a0we are very pleased to invite Daniel Toutain Sensei for a 3 days seminar in Ajaccio (Corsica). \u00a0All the courses will take place in the CSJC from wednesday 1st through sunday 3rd of May. \u00a0Daniel practice aikido now for more than 40 years, \u00a0and was student and assistant of Noro Sensei, \u00a0Tamura Sensei and Saito Sensei.<\/em><\/span><\/p>\n<p style=\"text-align: justify;\">Nous avons choisi cette date en mai, \u00a0car elle peut \u00eatre cumul\u00e9 avec quelques jours de RTT ou vacances en famille. \u00a0Nous serons en mesure de vous guider pour les h\u00e9bergements, \u00a0et circuits d\u00e9couvertes.<\/p>\n<p style=\"text-align: justify;\"><span style=\"color: #808080;\"><em>We have chosen this schedule because it is spring, and you can stay for a journey in Corsica, which is a very pleasant period to enjoy our mountains and beaches. We are able to help you for this journey.<\/em><\/span><\/p>\n<p><a href=\"https:\/\/aikidojo.fr\/ajaccio\/wp-content\/uploads\/2015\/01\/aikidojo_ajaccio.jpg\"><img loading=\"lazy\" decoding=\"async\" class=\"alignnone size-large wp-image-1571\" src=\"https:\/\/aikidojo.fr\/ajaccio\/wp-content\/uploads\/2015\/01\/aikidojo_ajaccio-580x400.jpg\" alt=\"aikidojo_ajaccio\" width=\"580\" height=\"400\" srcset=\"https:\/\/aikidojo.fr\/ajaccio\/wp-content\/uploads\/2015\/01\/aikidojo_ajaccio-580x400.jpg 580w, https:\/\/aikidojo.fr\/ajaccio\/wp-content\/uploads\/2015\/01\/aikidojo_ajaccio-300x207.jpg 300w, https:\/\/aikidojo.fr\/ajaccio\/wp-content\/uploads\/2015\/01\/aikidojo_ajaccio-150x104.jpg 150w, https:\/\/aikidojo.fr\/ajaccio\/wp-content\/uploads\/2015\/01\/aikidojo_ajaccio-400x276.jpg 400w, https:\/\/aikidojo.fr\/ajaccio\/wp-content\/uploads\/2015\/01\/aikidojo_ajaccio.jpg 700w\" sizes=\"(max-width: 580px) 100vw, 580px\" \/><\/a><\/p>\n<p>&nbsp;<\/p>\n<p>&nbsp;<\/p>\n<h3>Se rendre en Corse . . .<\/h3>\n<h4><em><span style=\"color: #808080;\">How to come in Corsica&#8230;<\/span>\u00a0<\/em><\/h4>\n<p>&nbsp;<\/p>\n<p>Il existe 2 moyens pour nous rendre visite \u00a0: \u00a0vous avez la compagnie principale, \u00a0<a href=\"http:\/\/aircorsica.com\/\" target=\"_blank\">aircorsica<\/a>\u00a0, ou par bateau pour les moins press\u00e9s, \u00a0avec la\u00a0<a href=\"http:\/\/www.corsica-ferries.fr\/\" target=\"_blank\">Corsica Ferries<\/a>\u00a0, le tout est d\u2019arriver \u00e0 Ajaccio.<\/p>\n<p><span style=\"color: #808080;\"><em>There is 2 ways \u00a0: \u00a0by plane with aircorsica.com or by ferry with Corsica Ferries. \u00a0The most important is to arrive in Ajaccio.<\/em><\/span><\/p>\n<p>&nbsp;<\/p>\n<h3>Programme et informations du stage<\/h3>\n<h4><span style=\"color: #808080;\"><em>Programme and info<\/em><\/span><\/h4>\n<h3><\/h3>\n<p>Le stage aura lieu au\u00a0<a title=\"CSJC\" href=\"https:\/\/maps.google.fr\/maps?q=creps+ajaccio&amp;hl=fr&amp;ll=41.947681,8.758507&amp;spn=0.013486,0.025814&amp;sll=41.91715,8.733824&amp;sspn=0.006746,0.012907&amp;hq=creps&amp;hnear=Ajaccio,+Corse-du-Sud,+Corse&amp;t=m&amp;z=16\" target=\"_blank\">CSJC d\u2019Ajaccio<\/a><\/p>\n<ul>\n<li>Vendredi soir \u00a0: \u00a018:00 \/ 20:00<\/li>\n<li>Samedi \u00a0: \u00a09h30 \u2013 12h\u00a0 et 14h00 \u2013 16h30<\/li>\n<li>Dimanche \u00a0: \u00a09h30 &#8211; 12h30<\/li>\n<li>Passage grade Dan<\/li>\n<\/ul>\n<p><span style=\"color: #808080;\"><em>Seminar will take place in the CSJC in Ajaccio<\/em><\/span><\/p>\n<ul>\n<li><em><span style=\"color: #808080;\">Friday evening \u00a0: \u00a06 pm \/ 8 pm<\/span><\/em><\/li>\n<li><em><span style=\"color: #808080;\">Saturday \u00a0: \u00a09:30 am \u00a0&#8211; \u00a012:00 pm and 2:00 pm \u00a0&#8211; \u00a04:30 pm<\/span><\/em><\/li>\n<li><em><span style=\"color: #808080;\">Sunday : 9:30 am \u00a0&#8211; \u00a012:30 pm<\/span><\/em><\/li>\n<li><em><span style=\"color: #808080;\">Dan examination\u00a0<\/span><\/em><\/li>\n<\/ul>\n<p>Le d\u00e9jeuner du samedi se fera sur place au CSJC. Le d\u00e9jeuner sera \u00e0 \u20ac 11<\/p>\n<p><em><span style=\"color: #808080;\">Lunch will happen at the dojo on saturday. The extra cost will be 11 euros<\/span><\/em><\/p>\n<p>&nbsp;<\/p>\n<p><strong>Vous pouvez t\u00e9l\u00e9charger\u00a0<a href=\"https:\/\/aikidojo.fr\/ajaccio\/wp-content\/uploads\/2015\/01\/StageDaniel.pdf\" target=\"_blank\">l\u2019affiche\u00a0pdf<\/a>\u00a0et le <a href=\"https:\/\/aikidojo.fr\/ajaccio\/wp-content\/uploads\/2015\/01\/inscription-stage-ajaccio-toutain.pdf\" target=\"_blank\">bulletin d&rsquo;inscription<\/a>.\u00a0\u00a0Il est imp\u00e9ratif de vous inscrire svp afin que nous puissions pr\u00e9voir les repas.\u00a0<\/strong><\/p>\n<p>Pour ceux qui le souhaite, il est possible d\u2019arriver le jeudi, afin de profiter du cours habituel du dojo de 19h \u00e0 21h qui sera assur\u00e9 par le dojocho\u00a0<a href=\"https:\/\/aikidojo.fr\/ajaccio\/enseignant-aikido-corse\" target=\"_blank\">Stef Bravin<\/a>.<\/p>\n<p>Il est important de vous inscrire au plus vite afin que nous puissions g\u00e9rer l\u2019organisation\u00a0des repas, et aussi afin que vous ayez des tarifs int\u00e9ressants pour les travers\u00e9es et vols.<\/p>\n<p><strong><em><span style=\"color: #808080;\">You can download the <a href=\"https:\/\/aikidojo.fr\/ajaccio\/wp-content\/uploads\/2015\/01\/StageDaniel.pdf\" target=\"_blank\">pdf poster<\/a> and <a href=\"https:\/\/aikidojo.fr\/ajaccio\/wp-content\/uploads\/2015\/01\/inscription-stage-ajaccio-toutain.pdf\" target=\"_blank\">registration form<\/a>. Please note that it is important to register so that we can organise the lunches and diner.<\/span><\/em><\/strong><\/p>\n<p><em><span style=\"color: #808080;\">It is possible to come earlier as thursday and enjoy our regular course from 7 pm to 9 pm, assumed by the dojocho Stef Bravin.<\/span><\/em><\/p>\n<p><span style=\"color: #808080;\"><em>Regarding our organisation, and fair prices to travel, please register asap.<\/em><\/span><\/p>\n<p>&nbsp;<\/p>\n<h3>Participation :<\/h3>\n<p>&nbsp;<\/p>\n<p><strong>Pr\u00e9-inscription jusqu\u2019au 15 avril\u00a0! \u00a0<\/strong>Renvoyez le formulaire d\u2019inscription avec un ch\u00e8que de 20\u00a0euros svp.<\/p>\n<p><em><span style=\"color: #808080;\">Pre-registration until april 15th ! Please send back the registration form with a check or by bank transfer. I am able to send you by email the dojo&rsquo;s bank info.<\/span><\/em><\/p>\n<p>Stage complet : \u20ac 70<\/p>\n<p>1 journ\u00e9e : \u20ac 40<\/p>\n<p>1\/2 journ\u00e9e : \u20ac 25<\/p>\n<p>&nbsp;<\/p>\n<p>Samedi soir : le stage se cl\u00f4turera avec une soir\u00e9e corse. La soir\u00e9e est une formule \u00e0 \u20ac 35\u00a0par personne. Les vins ne sont pas compris dans le tarif.<\/p>\n<p><span style=\"color: #808080;\"><i>We will end the saturday with a corsican party. The diner will be at 35 euros without wine.<\/i><\/span><\/p>\n<p>&nbsp;<\/p>\n<h3>H\u00e9bergement<\/h3>\n<h3><em><span style=\"color: #808080;\">Accommodation\u00a0<\/span><\/em><\/h3>\n<p>Nous avons discut\u00e9 d&rsquo;un tarif avec\u00a0un hotel \u00e0 proximit\u00e9 du dojo. [chambre double + petit d\u00e9j \u20ac70, soit \u20ac35 par personne]. \u00a0Pour ceux qui optent pour cette solution, \u00a0inscrivez vous vite aupr\u00e8s de nous par email (<a href=\"mailto:aikido-ajaccio@orange.fr\">aikido-ajaccio@orange.fr<\/a>) afin que nous r\u00e9servions pour vous, \u00a0nous centralisons afin de b\u00e9n\u00e9ficier de ce tarif. \u00a0C&rsquo;est le week end du 1 mai, \u00a0il commence \u00e0 y avoir du monde en Corse. \u00a0Pour ceux qui souhaitent venir en Gites, \u00a0nous pourrons aussi vous aider. \u00a0Vous avez aussi le site des <a href=\"http:\/\/www.gites-corsica.com\" target=\"_blank\">Gites-Corsica<\/a><\/p>\n<p><span style=\"color: #808080;\"><i>We have discuss a fair price with a hotel nearby the dojo [double bed, breakfast included for only \u20ac70, which mean \u20ac35 per person]. If you choose this option, please check now by email (<a href=\"mailto:aikido-ajaccio@orange.fr\">aikido-ajaccio@orange.fr<\/a>) we centralise to have the benefit of this price. \u00a0You have also the option of \u00ab\u00a0gite rural\u00a0\u00bb or bed &amp; breakfast (chambre d&rsquo;h\u00f4tes)\u00a0<\/i><\/span><\/p>\n<p>&nbsp;<\/p>\n<p>http:\/\/youtu.be\/kSgbxfUKUeI<\/p>\n","protected":false},"excerpt":{"rendered":"<p>Pour la premi\u00e8re fois, \u00a0nous avons le plaisir d&rsquo;accueillir mon ami et Sensei, \u00a0Daniel Toutain, \u00a06 dan aikikai et Saito Sensei, \u00a0pour un stage de 3 jours. \u00a0Tout se passera \u00e0 Ajaccio, \u00a0au CSJC du vendredi 1 au dimanche 3 mai. Daniel a plus de 40 ans de pratique en aikido, \u00a0et fut \u00e9l\u00e8ve et &#8230; <a title=\"Stage Daniel Toutain Sensei 1 au 3 mai 2015\" class=\"read-more\" href=\"https:\/\/aikidojo.fr\/ajaccio\/actu\/1570-stage-daniel-toutain-sensei.html\" aria-label=\"En savoir plus sur Stage Daniel Toutain Sensei 1 au 3 mai 2015\">Lire plus<\/a><\/p>\n","protected":false},"author":2,"featured_media":1439,"comment_status":"closed","ping_status":"closed","sticky":false,"template":"","format":"standard","meta":{"footnotes":""},"categories":[7],"tags":[13,18,19,45,35],"class_list":["post-1570","post","type-post","status-publish","format-standard","has-post-thumbnail","hentry","category-actu","tag-aikido","tag-ajaccio","tag-corse","tag-daniel-toutain","tag-stage","infinite-scroll-item","generate-columns","tablet-grid-50","mobile-grid-100","grid-parent","grid-50"],"yoast_head":"<!-- This site is optimized with the Yoast SEO plugin v23.4 - https:\/\/yoast.com\/wordpress\/plugins\/seo\/ -->\n<title>Stage Daniel Toutain Sensei 1 au 3 mai 2015 - Cours d&#039;Aikido Fondamental \u00e0 Ajaccio<\/title>\n<meta name=\"robots\" content=\"index, follow, max-snippet:-1, max-image-preview:large, max-video-preview:-1\" \/>\n<link rel=\"canonical\" href=\"https:\/\/aikidojo.fr\/ajaccio\/actu\/1570-stage-daniel-toutain-sensei.html\" \/>\n<meta property=\"og:locale\" content=\"fr_FR\" \/>\n<meta property=\"og:type\" content=\"article\" \/>\n<meta property=\"og:title\" content=\"Stage Daniel Toutain Sensei 1 au 3 mai 2015 - Cours d&#039;Aikido Fondamental \u00e0 Ajaccio\" \/>\n<meta property=\"og:description\" content=\"Pour la premi\u00e8re fois, \u00a0nous avons le plaisir d&rsquo;accueillir mon ami et Sensei, \u00a0Daniel Toutain, \u00a06 dan aikikai et Saito Sensei, \u00a0pour un stage de 3 jours. \u00a0Tout se passera \u00e0 Ajaccio, \u00a0au CSJC du vendredi 1 au dimanche 3 mai. Daniel a plus de 40 ans de pratique en aikido, \u00a0et fut \u00e9l\u00e8ve et ... Lire plus\" \/>\n<meta property=\"og:url\" content=\"https:\/\/aikidojo.fr\/ajaccio\/actu\/1570-stage-daniel-toutain-sensei.html\" \/>\n<meta property=\"og:site_name\" content=\"Cours d&#039;Aikido Fondamental \u00e0 Ajaccio\" \/>\n<meta property=\"article:publisher\" content=\"https:\/\/www.facebook.com\/aikidojoajaccio\" \/>\n<meta property=\"article:author\" content=\"https:\/\/www.facebook.com\/aikidojoajaccio\" \/>\n<meta property=\"article:published_time\" content=\"2015-01-12T10:04:50+00:00\" \/>\n<meta property=\"article:modified_time\" content=\"2015-02-04T14:47:34+00:00\" \/>\n<meta property=\"og:image\" content=\"https:\/\/aikidojo.fr\/ajaccio\/wp-content\/uploads\/2014\/09\/Stef-Daniel.jpg\" \/>\n\t<meta property=\"og:image:width\" content=\"1146\" \/>\n\t<meta property=\"og:image:height\" content=\"763\" \/>\n\t<meta property=\"og:image:type\" content=\"image\/jpeg\" \/>\n<meta name=\"author\" content=\"Stef Bravin\" \/>\n<meta name=\"twitter:card\" content=\"summary_large_image\" \/>\n<meta name=\"twitter:label1\" content=\"\u00c9crit par\" \/>\n\t<meta name=\"twitter:data1\" content=\"Stef Bravin\" \/>\n\t<meta name=\"twitter:label2\" content=\"Dur\u00e9e de lecture estim\u00e9e\" \/>\n\t<meta name=\"twitter:data2\" content=\"4 minutes\" \/>\n<script type=\"application\/ld+json\" class=\"yoast-schema-graph\">{\"@context\":\"https:\/\/schema.org\",\"@graph\":[{\"@type\":\"Article\",\"@id\":\"https:\/\/aikidojo.fr\/ajaccio\/actu\/1570-stage-daniel-toutain-sensei.html#article\",\"isPartOf\":{\"@id\":\"https:\/\/aikidojo.fr\/ajaccio\/actu\/1570-stage-daniel-toutain-sensei.html\"},\"author\":{\"name\":\"Stef Bravin\",\"@id\":\"https:\/\/aikidojo.fr\/ajaccio\/#\/schema\/person\/328adca0cc58288bcfb13e3dad16a001\"},\"headline\":\"Stage Daniel Toutain Sensei 1 au 3 mai 2015\",\"datePublished\":\"2015-01-12T10:04:50+00:00\",\"dateModified\":\"2015-02-04T14:47:34+00:00\",\"mainEntityOfPage\":{\"@id\":\"https:\/\/aikidojo.fr\/ajaccio\/actu\/1570-stage-daniel-toutain-sensei.html\"},\"wordCount\":765,\"publisher\":{\"@id\":\"https:\/\/aikidojo.fr\/ajaccio\/#organization\"},\"image\":{\"@id\":\"https:\/\/aikidojo.fr\/ajaccio\/actu\/1570-stage-daniel-toutain-sensei.html#primaryimage\"},\"thumbnailUrl\":\"https:\/\/aikidojo.fr\/ajaccio\/wp-content\/uploads\/2014\/09\/Stef-Daniel.jpg\",\"keywords\":[\"aikido\",\"ajaccio\",\"corse\",\"Daniel Toutain\",\"Stage\"],\"articleSection\":[\"Nutizie\"],\"inLanguage\":\"fr-FR\"},{\"@type\":\"WebPage\",\"@id\":\"https:\/\/aikidojo.fr\/ajaccio\/actu\/1570-stage-daniel-toutain-sensei.html\",\"url\":\"https:\/\/aikidojo.fr\/ajaccio\/actu\/1570-stage-daniel-toutain-sensei.html\",\"name\":\"Stage Daniel Toutain Sensei 1 au 3 mai 2015 - Cours d&#039;Aikido Fondamental \u00e0 Ajaccio\",\"isPartOf\":{\"@id\":\"https:\/\/aikidojo.fr\/ajaccio\/#website\"},\"primaryImageOfPage\":{\"@id\":\"https:\/\/aikidojo.fr\/ajaccio\/actu\/1570-stage-daniel-toutain-sensei.html#primaryimage\"},\"image\":{\"@id\":\"https:\/\/aikidojo.fr\/ajaccio\/actu\/1570-stage-daniel-toutain-sensei.html#primaryimage\"},\"thumbnailUrl\":\"https:\/\/aikidojo.fr\/ajaccio\/wp-content\/uploads\/2014\/09\/Stef-Daniel.jpg\",\"datePublished\":\"2015-01-12T10:04:50+00:00\",\"dateModified\":\"2015-02-04T14:47:34+00:00\",\"breadcrumb\":{\"@id\":\"https:\/\/aikidojo.fr\/ajaccio\/actu\/1570-stage-daniel-toutain-sensei.html#breadcrumb\"},\"inLanguage\":\"fr-FR\",\"potentialAction\":[{\"@type\":\"ReadAction\",\"target\":[\"https:\/\/aikidojo.fr\/ajaccio\/actu\/1570-stage-daniel-toutain-sensei.html\"]}]},{\"@type\":\"ImageObject\",\"inLanguage\":\"fr-FR\",\"@id\":\"https:\/\/aikidojo.fr\/ajaccio\/actu\/1570-stage-daniel-toutain-sensei.html#primaryimage\",\"url\":\"https:\/\/aikidojo.fr\/ajaccio\/wp-content\/uploads\/2014\/09\/Stef-Daniel.jpg\",\"contentUrl\":\"https:\/\/aikidojo.fr\/ajaccio\/wp-content\/uploads\/2014\/09\/Stef-Daniel.jpg\",\"width\":1146,\"height\":763},{\"@type\":\"BreadcrumbList\",\"@id\":\"https:\/\/aikidojo.fr\/ajaccio\/actu\/1570-stage-daniel-toutain-sensei.html#breadcrumb\",\"itemListElement\":[{\"@type\":\"ListItem\",\"position\":1,\"name\":\"Home\",\"item\":\"https:\/\/aikidojo.fr\/ajaccio\/\"},{\"@type\":\"ListItem\",\"position\":2,\"name\":\"Stage Daniel Toutain Sensei 1 au 3 mai 2015\"}]},{\"@type\":\"WebSite\",\"@id\":\"https:\/\/aikidojo.fr\/ajaccio\/#website\",\"url\":\"https:\/\/aikidojo.fr\/ajaccio\/\",\"name\":\"Aikido Fondamental \u00e0 Ajaccio\",\"description\":\"FAA Corse\",\"publisher\":{\"@id\":\"https:\/\/aikidojo.fr\/ajaccio\/#organization\"},\"potentialAction\":[{\"@type\":\"SearchAction\",\"target\":{\"@type\":\"EntryPoint\",\"urlTemplate\":\"https:\/\/aikidojo.fr\/ajaccio\/?s={search_term_string}\"},\"query-input\":{\"@type\":\"PropertyValueSpecification\",\"valueRequired\":true,\"valueName\":\"search_term_string\"}}],\"inLanguage\":\"fr-FR\"},{\"@type\":\"Organization\",\"@id\":\"https:\/\/aikidojo.fr\/ajaccio\/#organization\",\"name\":\"AIki Dojo Ajaccio\",\"url\":\"https:\/\/aikidojo.fr\/ajaccio\/\",\"logo\":{\"@type\":\"ImageObject\",\"inLanguage\":\"fr-FR\",\"@id\":\"https:\/\/aikidojo.fr\/ajaccio\/#\/schema\/logo\/image\/\",\"url\":\"https:\/\/aikidojo.fr\/ajaccio\/wp-content\/uploads\/2011\/07\/kamon_aikidojo_ajaccio.jpg\",\"contentUrl\":\"https:\/\/aikidojo.fr\/ajaccio\/wp-content\/uploads\/2011\/07\/kamon_aikidojo_ajaccio.jpg\",\"width\":150,\"height\":150,\"caption\":\"AIki Dojo Ajaccio\"},\"image\":{\"@id\":\"https:\/\/aikidojo.fr\/ajaccio\/#\/schema\/logo\/image\/\"},\"sameAs\":[\"https:\/\/www.facebook.com\/aikidojoajaccio\"]},{\"@type\":\"Person\",\"@id\":\"https:\/\/aikidojo.fr\/ajaccio\/#\/schema\/person\/328adca0cc58288bcfb13e3dad16a001\",\"name\":\"Stef Bravin\",\"image\":{\"@type\":\"ImageObject\",\"inLanguage\":\"fr-FR\",\"@id\":\"https:\/\/aikidojo.fr\/ajaccio\/#\/schema\/person\/image\/\",\"url\":\"https:\/\/secure.gravatar.com\/avatar\/4fb70b3bc2f1e476eb9a9d3d3c93a6b5?s=96&d=mm&r=g\",\"contentUrl\":\"https:\/\/secure.gravatar.com\/avatar\/4fb70b3bc2f1e476eb9a9d3d3c93a6b5?s=96&d=mm&r=g\",\"caption\":\"Stef Bravin\"},\"sameAs\":[\"https:\/\/aikidojo.fr\/ajaccio\",\"https:\/\/www.facebook.com\/aikidojoajaccio\",\"https:\/\/www.instagram.com\/aikidojo_ajaccio\",\"https:\/\/youtube.com\/@aikidojoajacciocorse?si=ZsgIRtdGbTMnFWkH\"],\"url\":\"https:\/\/aikidojo.fr\/ajaccio\/author\/stef\"}]}<\/script>\n<!-- \/ Yoast SEO plugin. -->","yoast_head_json":{"title":"Stage Daniel Toutain Sensei 1 au 3 mai 2015 - Cours d&#039;Aikido Fondamental \u00e0 Ajaccio","robots":{"index":"index","follow":"follow","max-snippet":"max-snippet:-1","max-image-preview":"max-image-preview:large","max-video-preview":"max-video-preview:-1"},"canonical":"https:\/\/aikidojo.fr\/ajaccio\/actu\/1570-stage-daniel-toutain-sensei.html","og_locale":"fr_FR","og_type":"article","og_title":"Stage Daniel Toutain Sensei 1 au 3 mai 2015 - Cours d&#039;Aikido Fondamental \u00e0 Ajaccio","og_description":"Pour la premi\u00e8re fois, \u00a0nous avons le plaisir d&rsquo;accueillir mon ami et Sensei, \u00a0Daniel Toutain, \u00a06 dan aikikai et Saito Sensei, \u00a0pour un stage de 3 jours. \u00a0Tout se passera \u00e0 Ajaccio, \u00a0au CSJC du vendredi 1 au dimanche 3 mai. Daniel a plus de 40 ans de pratique en aikido, \u00a0et fut \u00e9l\u00e8ve et ... Lire plus","og_url":"https:\/\/aikidojo.fr\/ajaccio\/actu\/1570-stage-daniel-toutain-sensei.html","og_site_name":"Cours d&#039;Aikido Fondamental \u00e0 Ajaccio","article_publisher":"https:\/\/www.facebook.com\/aikidojoajaccio","article_author":"https:\/\/www.facebook.com\/aikidojoajaccio","article_published_time":"2015-01-12T10:04:50+00:00","article_modified_time":"2015-02-04T14:47:34+00:00","og_image":[{"width":1146,"height":763,"url":"https:\/\/aikidojo.fr\/ajaccio\/wp-content\/uploads\/2014\/09\/Stef-Daniel.jpg","type":"image\/jpeg"}],"author":"Stef Bravin","twitter_card":"summary_large_image","twitter_misc":{"\u00c9crit par":"Stef Bravin","Dur\u00e9e de lecture estim\u00e9e":"4 minutes"},"schema":{"@context":"https:\/\/schema.org","@graph":[{"@type":"Article","@id":"https:\/\/aikidojo.fr\/ajaccio\/actu\/1570-stage-daniel-toutain-sensei.html#article","isPartOf":{"@id":"https:\/\/aikidojo.fr\/ajaccio\/actu\/1570-stage-daniel-toutain-sensei.html"},"author":{"name":"Stef Bravin","@id":"https:\/\/aikidojo.fr\/ajaccio\/#\/schema\/person\/328adca0cc58288bcfb13e3dad16a001"},"headline":"Stage Daniel Toutain Sensei 1 au 3 mai 2015","datePublished":"2015-01-12T10:04:50+00:00","dateModified":"2015-02-04T14:47:34+00:00","mainEntityOfPage":{"@id":"https:\/\/aikidojo.fr\/ajaccio\/actu\/1570-stage-daniel-toutain-sensei.html"},"wordCount":765,"publisher":{"@id":"https:\/\/aikidojo.fr\/ajaccio\/#organization"},"image":{"@id":"https:\/\/aikidojo.fr\/ajaccio\/actu\/1570-stage-daniel-toutain-sensei.html#primaryimage"},"thumbnailUrl":"https:\/\/aikidojo.fr\/ajaccio\/wp-content\/uploads\/2014\/09\/Stef-Daniel.jpg","keywords":["aikido","ajaccio","corse","Daniel Toutain","Stage"],"articleSection":["Nutizie"],"inLanguage":"fr-FR"},{"@type":"WebPage","@id":"https:\/\/aikidojo.fr\/ajaccio\/actu\/1570-stage-daniel-toutain-sensei.html","url":"https:\/\/aikidojo.fr\/ajaccio\/actu\/1570-stage-daniel-toutain-sensei.html","name":"Stage Daniel Toutain Sensei 1 au 3 mai 2015 - Cours d&#039;Aikido Fondamental \u00e0 Ajaccio","isPartOf":{"@id":"https:\/\/aikidojo.fr\/ajaccio\/#website"},"primaryImageOfPage":{"@id":"https:\/\/aikidojo.fr\/ajaccio\/actu\/1570-stage-daniel-toutain-sensei.html#primaryimage"},"image":{"@id":"https:\/\/aikidojo.fr\/ajaccio\/actu\/1570-stage-daniel-toutain-sensei.html#primaryimage"},"thumbnailUrl":"https:\/\/aikidojo.fr\/ajaccio\/wp-content\/uploads\/2014\/09\/Stef-Daniel.jpg","datePublished":"2015-01-12T10:04:50+00:00","dateModified":"2015-02-04T14:47:34+00:00","breadcrumb":{"@id":"https:\/\/aikidojo.fr\/ajaccio\/actu\/1570-stage-daniel-toutain-sensei.html#breadcrumb"},"inLanguage":"fr-FR","potentialAction":[{"@type":"ReadAction","target":["https:\/\/aikidojo.fr\/ajaccio\/actu\/1570-stage-daniel-toutain-sensei.html"]}]},{"@type":"ImageObject","inLanguage":"fr-FR","@id":"https:\/\/aikidojo.fr\/ajaccio\/actu\/1570-stage-daniel-toutain-sensei.html#primaryimage","url":"https:\/\/aikidojo.fr\/ajaccio\/wp-content\/uploads\/2014\/09\/Stef-Daniel.jpg","contentUrl":"https:\/\/aikidojo.fr\/ajaccio\/wp-content\/uploads\/2014\/09\/Stef-Daniel.jpg","width":1146,"height":763},{"@type":"BreadcrumbList","@id":"https:\/\/aikidojo.fr\/ajaccio\/actu\/1570-stage-daniel-toutain-sensei.html#breadcrumb","itemListElement":[{"@type":"ListItem","position":1,"name":"Home","item":"https:\/\/aikidojo.fr\/ajaccio\/"},{"@type":"ListItem","position":2,"name":"Stage Daniel Toutain Sensei 1 au 3 mai 2015"}]},{"@type":"WebSite","@id":"https:\/\/aikidojo.fr\/ajaccio\/#website","url":"https:\/\/aikidojo.fr\/ajaccio\/","name":"Aikido Fondamental \u00e0 Ajaccio","description":"FAA Corse","publisher":{"@id":"https:\/\/aikidojo.fr\/ajaccio\/#organization"},"potentialAction":[{"@type":"SearchAction","target":{"@type":"EntryPoint","urlTemplate":"https:\/\/aikidojo.fr\/ajaccio\/?s={search_term_string}"},"query-input":{"@type":"PropertyValueSpecification","valueRequired":true,"valueName":"search_term_string"}}],"inLanguage":"fr-FR"},{"@type":"Organization","@id":"https:\/\/aikidojo.fr\/ajaccio\/#organization","name":"AIki Dojo Ajaccio","url":"https:\/\/aikidojo.fr\/ajaccio\/","logo":{"@type":"ImageObject","inLanguage":"fr-FR","@id":"https:\/\/aikidojo.fr\/ajaccio\/#\/schema\/logo\/image\/","url":"https:\/\/aikidojo.fr\/ajaccio\/wp-content\/uploads\/2011\/07\/kamon_aikidojo_ajaccio.jpg","contentUrl":"https:\/\/aikidojo.fr\/ajaccio\/wp-content\/uploads\/2011\/07\/kamon_aikidojo_ajaccio.jpg","width":150,"height":150,"caption":"AIki Dojo Ajaccio"},"image":{"@id":"https:\/\/aikidojo.fr\/ajaccio\/#\/schema\/logo\/image\/"},"sameAs":["https:\/\/www.facebook.com\/aikidojoajaccio"]},{"@type":"Person","@id":"https:\/\/aikidojo.fr\/ajaccio\/#\/schema\/person\/328adca0cc58288bcfb13e3dad16a001","name":"Stef Bravin","image":{"@type":"ImageObject","inLanguage":"fr-FR","@id":"https:\/\/aikidojo.fr\/ajaccio\/#\/schema\/person\/image\/","url":"https:\/\/secure.gravatar.com\/avatar\/4fb70b3bc2f1e476eb9a9d3d3c93a6b5?s=96&d=mm&r=g","contentUrl":"https:\/\/secure.gravatar.com\/avatar\/4fb70b3bc2f1e476eb9a9d3d3c93a6b5?s=96&d=mm&r=g","caption":"Stef Bravin"},"sameAs":["https:\/\/aikidojo.fr\/ajaccio","https:\/\/www.facebook.com\/aikidojoajaccio","https:\/\/www.instagram.com\/aikidojo_ajaccio","https:\/\/youtube.com\/@aikidojoajacciocorse?si=ZsgIRtdGbTMnFWkH"],"url":"https:\/\/aikidojo.fr\/ajaccio\/author\/stef"}]}},"_links":{"self":[{"href":"https:\/\/aikidojo.fr\/ajaccio\/wp-json\/wp\/v2\/posts\/1570"}],"collection":[{"href":"https:\/\/aikidojo.fr\/ajaccio\/wp-json\/wp\/v2\/posts"}],"about":[{"href":"https:\/\/aikidojo.fr\/ajaccio\/wp-json\/wp\/v2\/types\/post"}],"author":[{"embeddable":true,"href":"https:\/\/aikidojo.fr\/ajaccio\/wp-json\/wp\/v2\/users\/2"}],"replies":[{"embeddable":true,"href":"https:\/\/aikidojo.fr\/ajaccio\/wp-json\/wp\/v2\/comments?post=1570"}],"version-history":[{"count":6,"href":"https:\/\/aikidojo.fr\/ajaccio\/wp-json\/wp\/v2\/posts\/1570\/revisions"}],"predecessor-version":[{"id":1593,"href":"https:\/\/aikidojo.fr\/ajaccio\/wp-json\/wp\/v2\/posts\/1570\/revisions\/1593"}],"wp:featuredmedia":[{"embeddable":true,"href":"https:\/\/aikidojo.fr\/ajaccio\/wp-json\/wp\/v2\/media\/1439"}],"wp:attachment":[{"href":"https:\/\/aikidojo.fr\/ajaccio\/wp-json\/wp\/v2\/media?parent=1570"}],"wp:term":[{"taxonomy":"category","embeddable":true,"href":"https:\/\/aikidojo.fr\/ajaccio\/wp-json\/wp\/v2\/categories?post=1570"},{"taxonomy":"post_tag","embeddable":true,"href":"https:\/\/aikidojo.fr\/ajaccio\/wp-json\/wp\/v2\/tags?post=1570"}],"curies":[{"name":"wp","href":"https:\/\/api.w.org\/{rel}","templated":true}]}}