{"id":2249,"date":"2018-09-14T16:59:40","date_gmt":"2018-09-14T16:59:40","guid":{"rendered":"https:\/\/aikidojo.fr\/ajaccio\/?p=2249"},"modified":"2018-10-15T15:34:15","modified_gmt":"2018-10-15T15:34:15","slug":"saison-2018-2019","status":"publish","type":"post","link":"https:\/\/aikidojo.fr\/ajaccio\/actu\/2249-saison-2018-2019.html","title":{"rendered":"Saison 2018 \/ 2019"},"content":{"rendered":"<p style=\"text-align: justify;\">Cette saison s&rsquo;annonce riche et bien remplie.\u00a0 Nous commen\u00e7ons fort d\u00e8s ce premier trimestre avec notre premier stage,\u00a0 intensif bukiwaza (aikiken et aikijo), en montagne,\u00a0 immersion iwama ryu garantie \ud83d\ude42<\/p>\n<p style=\"text-align: justify;\">La pratique se fera en ext\u00e9rieur, en montagne, nous y passerons 2 jours. Au programme,\u00a0 suburi,\u00a0 awase,\u00a0 kumitachi + henka pour le ken.\u00a0 Pour la partie Jo ce sera suburi, 31 no kata et 31 no kumijo.<\/p>\n<p><a href=\"https:\/\/aikidojo.fr\/ajaccio\/wp-content\/uploads\/2018\/09\/stage-bukiwaza-bocca-saltu-2018.jpg\" target=\"_blank\" rel=\"noopener noreferrer\"><img loading=\"lazy\" decoding=\"async\" class=\"aligncenter wp-image-2247 size-medium\" src=\"https:\/\/aikidojo.fr\/ajaccio\/wp-content\/uploads\/2018\/09\/stage-bukiwaza-bocca-saltu-2018-212x300.jpg\" alt=\"\" width=\"212\" height=\"300\" srcset=\"https:\/\/aikidojo.fr\/ajaccio\/wp-content\/uploads\/2018\/09\/stage-bukiwaza-bocca-saltu-2018-212x300.jpg 212w, https:\/\/aikidojo.fr\/ajaccio\/wp-content\/uploads\/2018\/09\/stage-bukiwaza-bocca-saltu-2018-768x1086.jpg 768w, https:\/\/aikidojo.fr\/ajaccio\/wp-content\/uploads\/2018\/09\/stage-bukiwaza-bocca-saltu-2018-580x820.jpg 580w, https:\/\/aikidojo.fr\/ajaccio\/wp-content\/uploads\/2018\/09\/stage-bukiwaza-bocca-saltu-2018-106x150.jpg 106w, https:\/\/aikidojo.fr\/ajaccio\/wp-content\/uploads\/2018\/09\/stage-bukiwaza-bocca-saltu-2018-400x566.jpg 400w\" sizes=\"(max-width: 212px) 100vw, 212px\" \/><\/a><\/p>\n<p>&nbsp;<\/p>\n<p style=\"text-align: justify;\">Suivra d\u00e9but novembre le 5e stage avec notre ami Said qui a \u00e9t\u00e9 re\u00e7u \u00e0 son 6 dan FAA Wanomichi cet \u00e9t\u00e9.\u00a0 Ce sera \u00e0 nouveau un stage international.\u00a0 Inscrivez vous vite afin que nous puissions organiser les h\u00e9bergements,\u00a0 visas etc&#8230;<\/p>\n<p><a href=\"https:\/\/aikidojo.fr\/ajaccio\/wp-content\/uploads\/2018\/09\/Stage-said-2018.jpg\" target=\"_blank\" rel=\"noopener noreferrer\"><img loading=\"lazy\" decoding=\"async\" class=\"aligncenter wp-image-2250 size-medium\" src=\"https:\/\/aikidojo.fr\/ajaccio\/wp-content\/uploads\/2018\/09\/Stage-said-2018-212x300.jpg\" alt=\"\" width=\"212\" height=\"300\" srcset=\"https:\/\/aikidojo.fr\/ajaccio\/wp-content\/uploads\/2018\/09\/Stage-said-2018-212x300.jpg 212w, https:\/\/aikidojo.fr\/ajaccio\/wp-content\/uploads\/2018\/09\/Stage-said-2018-768x1086.jpg 768w, https:\/\/aikidojo.fr\/ajaccio\/wp-content\/uploads\/2018\/09\/Stage-said-2018-580x820.jpg 580w, https:\/\/aikidojo.fr\/ajaccio\/wp-content\/uploads\/2018\/09\/Stage-said-2018-106x150.jpg 106w, https:\/\/aikidojo.fr\/ajaccio\/wp-content\/uploads\/2018\/09\/Stage-said-2018-400x566.jpg 400w\" sizes=\"(max-width: 212px) 100vw, 212px\" \/><\/a><\/p>\n<p>&nbsp;<\/p>\n<p style=\"text-align: justify;\">Notre stage d&rsquo;hiver de partage avec les senpai de l&rsquo;\u00e9cole,\u00a0 devenu notre petite institution,\u00a0 se d\u00e9roulera le week-end du 2 et 3 mars ,\u00a0 cette ann\u00e9e avec une nouvelle t\u00eate pour les jeunes pratiquants ;\u00a0 ce sera mon ami Thomas Leborgne 5 dan FAA qui viendra partager ce moment avec nous !\u00a0 R\u00e9servez d\u00e8s maintenant votre week-end \ud83d\ude42<\/p>\n<p><img loading=\"lazy\" decoding=\"async\" class=\"aligncenter size-large wp-image-2251\" src=\"https:\/\/aikidojo.fr\/ajaccio\/wp-content\/uploads\/2018\/09\/thoams-leborgne-stefbravin-wanomichi-faa-iwamaryu-580x435.jpg\" alt=\"\" width=\"580\" height=\"435\" srcset=\"https:\/\/aikidojo.fr\/ajaccio\/wp-content\/uploads\/2018\/09\/thoams-leborgne-stefbravin-wanomichi-faa-iwamaryu-580x435.jpg 580w, https:\/\/aikidojo.fr\/ajaccio\/wp-content\/uploads\/2018\/09\/thoams-leborgne-stefbravin-wanomichi-faa-iwamaryu-300x225.jpg 300w, https:\/\/aikidojo.fr\/ajaccio\/wp-content\/uploads\/2018\/09\/thoams-leborgne-stefbravin-wanomichi-faa-iwamaryu-768x576.jpg 768w, https:\/\/aikidojo.fr\/ajaccio\/wp-content\/uploads\/2018\/09\/thoams-leborgne-stefbravin-wanomichi-faa-iwamaryu-150x113.jpg 150w, https:\/\/aikidojo.fr\/ajaccio\/wp-content\/uploads\/2018\/09\/thoams-leborgne-stefbravin-wanomichi-faa-iwamaryu-400x300.jpg 400w, https:\/\/aikidojo.fr\/ajaccio\/wp-content\/uploads\/2018\/09\/thoams-leborgne-stefbravin-wanomichi-faa-iwamaryu.jpg 960w\" sizes=\"(max-width: 580px) 100vw, 580px\" \/><\/p>\n<p>&nbsp;<\/p>\n<p style=\"text-align: justify;\">Et pour cl\u00f4turer la saison,\u00a0 notre Sensei,\u00a0 <strong>Daniel Toutain<\/strong> viendra nous diriger un stage international intensif de 3 jours le week-end de l&rsquo;ascension du 31 mai au 2 juin 2019 !\u00a0 Comme pour tous les stages,\u00a0 pr\u00e9voyez votre week-end,\u00a0 et inscrivez vous. Nous pourrons vous orienter pour les h\u00e9bergements.<\/p>\n<p><img loading=\"lazy\" decoding=\"async\" class=\"aligncenter wp-image-2252 size-large\" src=\"https:\/\/aikidojo.fr\/ajaccio\/wp-content\/uploads\/2018\/09\/Steph-copie-580x387.jpg\" alt=\"\" width=\"580\" height=\"387\" srcset=\"https:\/\/aikidojo.fr\/ajaccio\/wp-content\/uploads\/2018\/09\/Steph-copie-580x387.jpg 580w, https:\/\/aikidojo.fr\/ajaccio\/wp-content\/uploads\/2018\/09\/Steph-copie-300x200.jpg 300w, https:\/\/aikidojo.fr\/ajaccio\/wp-content\/uploads\/2018\/09\/Steph-copie-768x512.jpg 768w, https:\/\/aikidojo.fr\/ajaccio\/wp-content\/uploads\/2018\/09\/Steph-copie-150x100.jpg 150w, https:\/\/aikidojo.fr\/ajaccio\/wp-content\/uploads\/2018\/09\/Steph-copie-400x267.jpg 400w\" sizes=\"(max-width: 580px) 100vw, 580px\" \/><\/p>\n<p>&nbsp;<\/p>\n<p>Bonne saison \u00e0 tous, \u00e0 tr\u00e8s vite sur les tatami \ud83d\ude42<\/p>\n","protected":false},"excerpt":{"rendered":"<p>Tous nos stages sont ouverts \u00e0 tous les pratiquants d&rsquo;aikido. La saison qui <\/p>\n","protected":false},"author":2,"featured_media":2199,"comment_status":"closed","ping_status":"closed","sticky":false,"template":"","format":"standard","meta":{"footnotes":""},"categories":[7],"tags":[39,45,91,38,95],"class_list":["post-2249","post","type-post","status-publish","format-standard","has-post-thumbnail","hentry","category-actu","tag-aikido-ajaccio","tag-daniel-toutain","tag-fundamental-aikido","tag-iwama-ryu","tag-wa-no-michi","infinite-scroll-item","generate-columns","tablet-grid-50","mobile-grid-100","grid-parent","grid-50"],"yoast_head":"<!-- This site is optimized with the Yoast SEO plugin v23.4 - https:\/\/yoast.com\/wordpress\/plugins\/seo\/ -->\n<title>Saison 2018 \/ 2019 - Cours d&#039;Aikido Fondamental \u00e0 Ajaccio<\/title>\n<meta name=\"robots\" content=\"index, follow, max-snippet:-1, max-image-preview:large, max-video-preview:-1\" \/>\n<link rel=\"canonical\" href=\"https:\/\/aikidojo.fr\/ajaccio\/actu\/2249-saison-2018-2019.html\" \/>\n<meta property=\"og:locale\" content=\"fr_FR\" \/>\n<meta property=\"og:type\" content=\"article\" \/>\n<meta property=\"og:title\" content=\"Saison 2018 \/ 2019 - Cours d&#039;Aikido Fondamental \u00e0 Ajaccio\" \/>\n<meta property=\"og:description\" content=\"Tous nos stages sont ouverts \u00e0 tous les pratiquants d&#039;aikido. La saison qui\" \/>\n<meta property=\"og:url\" content=\"https:\/\/aikidojo.fr\/ajaccio\/actu\/2249-saison-2018-2019.html\" \/>\n<meta property=\"og:site_name\" content=\"Cours d&#039;Aikido Fondamental \u00e0 Ajaccio\" \/>\n<meta property=\"article:publisher\" content=\"https:\/\/www.facebook.com\/aikidojoajaccio\" \/>\n<meta property=\"article:author\" content=\"https:\/\/www.facebook.com\/aikidojoajaccio\" \/>\n<meta property=\"article:published_time\" content=\"2018-09-14T16:59:40+00:00\" \/>\n<meta property=\"article:modified_time\" content=\"2018-10-15T15:34:15+00:00\" \/>\n<meta property=\"og:image\" content=\"https:\/\/aikidojo.fr\/ajaccio\/wp-content\/uploads\/2011\/07\/DT-ki_19_stef-bravin.jpg\" \/>\n\t<meta property=\"og:image:width\" content=\"520\" \/>\n\t<meta property=\"og:image:height\" content=\"533\" \/>\n\t<meta property=\"og:image:type\" content=\"image\/jpeg\" \/>\n<meta name=\"author\" content=\"Stef Bravin\" \/>\n<meta name=\"twitter:card\" content=\"summary_large_image\" \/>\n<meta name=\"twitter:label1\" content=\"\u00c9crit par\" \/>\n\t<meta name=\"twitter:data1\" content=\"Stef Bravin\" \/>\n\t<meta name=\"twitter:label2\" content=\"Dur\u00e9e de lecture estim\u00e9e\" \/>\n\t<meta name=\"twitter:data2\" content=\"1 minute\" \/>\n<script type=\"application\/ld+json\" class=\"yoast-schema-graph\">{\"@context\":\"https:\/\/schema.org\",\"@graph\":[{\"@type\":\"Article\",\"@id\":\"https:\/\/aikidojo.fr\/ajaccio\/actu\/2249-saison-2018-2019.html#article\",\"isPartOf\":{\"@id\":\"https:\/\/aikidojo.fr\/ajaccio\/actu\/2249-saison-2018-2019.html\"},\"author\":{\"name\":\"Stef Bravin\",\"@id\":\"https:\/\/aikidojo.fr\/ajaccio\/#\/schema\/person\/328adca0cc58288bcfb13e3dad16a001\"},\"headline\":\"Saison 2018 \/ 2019\",\"datePublished\":\"2018-09-14T16:59:40+00:00\",\"dateModified\":\"2018-10-15T15:34:15+00:00\",\"mainEntityOfPage\":{\"@id\":\"https:\/\/aikidojo.fr\/ajaccio\/actu\/2249-saison-2018-2019.html\"},\"wordCount\":224,\"publisher\":{\"@id\":\"https:\/\/aikidojo.fr\/ajaccio\/#organization\"},\"image\":{\"@id\":\"https:\/\/aikidojo.fr\/ajaccio\/actu\/2249-saison-2018-2019.html#primaryimage\"},\"thumbnailUrl\":\"https:\/\/aikidojo.fr\/ajaccio\/wp-content\/uploads\/2011\/07\/DT-ki_19_stef-bravin.jpg\",\"keywords\":[\"aikido ajaccio\",\"Daniel Toutain\",\"fundamental aikido\",\"iwama ryu\",\"wa no michi\"],\"articleSection\":[\"Nutizie\"],\"inLanguage\":\"fr-FR\"},{\"@type\":\"WebPage\",\"@id\":\"https:\/\/aikidojo.fr\/ajaccio\/actu\/2249-saison-2018-2019.html\",\"url\":\"https:\/\/aikidojo.fr\/ajaccio\/actu\/2249-saison-2018-2019.html\",\"name\":\"Saison 2018 \/ 2019 - Cours d&#039;Aikido Fondamental \u00e0 Ajaccio\",\"isPartOf\":{\"@id\":\"https:\/\/aikidojo.fr\/ajaccio\/#website\"},\"primaryImageOfPage\":{\"@id\":\"https:\/\/aikidojo.fr\/ajaccio\/actu\/2249-saison-2018-2019.html#primaryimage\"},\"image\":{\"@id\":\"https:\/\/aikidojo.fr\/ajaccio\/actu\/2249-saison-2018-2019.html#primaryimage\"},\"thumbnailUrl\":\"https:\/\/aikidojo.fr\/ajaccio\/wp-content\/uploads\/2011\/07\/DT-ki_19_stef-bravin.jpg\",\"datePublished\":\"2018-09-14T16:59:40+00:00\",\"dateModified\":\"2018-10-15T15:34:15+00:00\",\"breadcrumb\":{\"@id\":\"https:\/\/aikidojo.fr\/ajaccio\/actu\/2249-saison-2018-2019.html#breadcrumb\"},\"inLanguage\":\"fr-FR\",\"potentialAction\":[{\"@type\":\"ReadAction\",\"target\":[\"https:\/\/aikidojo.fr\/ajaccio\/actu\/2249-saison-2018-2019.html\"]}]},{\"@type\":\"ImageObject\",\"inLanguage\":\"fr-FR\",\"@id\":\"https:\/\/aikidojo.fr\/ajaccio\/actu\/2249-saison-2018-2019.html#primaryimage\",\"url\":\"https:\/\/aikidojo.fr\/ajaccio\/wp-content\/uploads\/2011\/07\/DT-ki_19_stef-bravin.jpg\",\"contentUrl\":\"https:\/\/aikidojo.fr\/ajaccio\/wp-content\/uploads\/2011\/07\/DT-ki_19_stef-bravin.jpg\",\"width\":520,\"height\":533},{\"@type\":\"BreadcrumbList\",\"@id\":\"https:\/\/aikidojo.fr\/ajaccio\/actu\/2249-saison-2018-2019.html#breadcrumb\",\"itemListElement\":[{\"@type\":\"ListItem\",\"position\":1,\"name\":\"Home\",\"item\":\"https:\/\/aikidojo.fr\/ajaccio\/\"},{\"@type\":\"ListItem\",\"position\":2,\"name\":\"Saison 2018 \/ 2019\"}]},{\"@type\":\"WebSite\",\"@id\":\"https:\/\/aikidojo.fr\/ajaccio\/#website\",\"url\":\"https:\/\/aikidojo.fr\/ajaccio\/\",\"name\":\"Aikido Fondamental \u00e0 Ajaccio\",\"description\":\"FAA Corse\",\"publisher\":{\"@id\":\"https:\/\/aikidojo.fr\/ajaccio\/#organization\"},\"potentialAction\":[{\"@type\":\"SearchAction\",\"target\":{\"@type\":\"EntryPoint\",\"urlTemplate\":\"https:\/\/aikidojo.fr\/ajaccio\/?s={search_term_string}\"},\"query-input\":{\"@type\":\"PropertyValueSpecification\",\"valueRequired\":true,\"valueName\":\"search_term_string\"}}],\"inLanguage\":\"fr-FR\"},{\"@type\":\"Organization\",\"@id\":\"https:\/\/aikidojo.fr\/ajaccio\/#organization\",\"name\":\"AIki Dojo Ajaccio\",\"url\":\"https:\/\/aikidojo.fr\/ajaccio\/\",\"logo\":{\"@type\":\"ImageObject\",\"inLanguage\":\"fr-FR\",\"@id\":\"https:\/\/aikidojo.fr\/ajaccio\/#\/schema\/logo\/image\/\",\"url\":\"https:\/\/aikidojo.fr\/ajaccio\/wp-content\/uploads\/2011\/07\/kamon_aikidojo_ajaccio.jpg\",\"contentUrl\":\"https:\/\/aikidojo.fr\/ajaccio\/wp-content\/uploads\/2011\/07\/kamon_aikidojo_ajaccio.jpg\",\"width\":150,\"height\":150,\"caption\":\"AIki Dojo Ajaccio\"},\"image\":{\"@id\":\"https:\/\/aikidojo.fr\/ajaccio\/#\/schema\/logo\/image\/\"},\"sameAs\":[\"https:\/\/www.facebook.com\/aikidojoajaccio\"]},{\"@type\":\"Person\",\"@id\":\"https:\/\/aikidojo.fr\/ajaccio\/#\/schema\/person\/328adca0cc58288bcfb13e3dad16a001\",\"name\":\"Stef Bravin\",\"image\":{\"@type\":\"ImageObject\",\"inLanguage\":\"fr-FR\",\"@id\":\"https:\/\/aikidojo.fr\/ajaccio\/#\/schema\/person\/image\/\",\"url\":\"https:\/\/secure.gravatar.com\/avatar\/4fb70b3bc2f1e476eb9a9d3d3c93a6b5?s=96&d=mm&r=g\",\"contentUrl\":\"https:\/\/secure.gravatar.com\/avatar\/4fb70b3bc2f1e476eb9a9d3d3c93a6b5?s=96&d=mm&r=g\",\"caption\":\"Stef Bravin\"},\"sameAs\":[\"https:\/\/aikidojo.fr\/ajaccio\",\"https:\/\/www.facebook.com\/aikidojoajaccio\",\"https:\/\/www.instagram.com\/aikidojo_ajaccio\",\"https:\/\/youtube.com\/@aikidojoajacciocorse?si=ZsgIRtdGbTMnFWkH\"],\"url\":\"https:\/\/aikidojo.fr\/ajaccio\/author\/stef\"}]}<\/script>\n<!-- \/ Yoast SEO plugin. -->","yoast_head_json":{"title":"Saison 2018 \/ 2019 - Cours d&#039;Aikido Fondamental \u00e0 Ajaccio","robots":{"index":"index","follow":"follow","max-snippet":"max-snippet:-1","max-image-preview":"max-image-preview:large","max-video-preview":"max-video-preview:-1"},"canonical":"https:\/\/aikidojo.fr\/ajaccio\/actu\/2249-saison-2018-2019.html","og_locale":"fr_FR","og_type":"article","og_title":"Saison 2018 \/ 2019 - Cours d&#039;Aikido Fondamental \u00e0 Ajaccio","og_description":"Tous nos stages sont ouverts \u00e0 tous les pratiquants d'aikido. La saison qui","og_url":"https:\/\/aikidojo.fr\/ajaccio\/actu\/2249-saison-2018-2019.html","og_site_name":"Cours d&#039;Aikido Fondamental \u00e0 Ajaccio","article_publisher":"https:\/\/www.facebook.com\/aikidojoajaccio","article_author":"https:\/\/www.facebook.com\/aikidojoajaccio","article_published_time":"2018-09-14T16:59:40+00:00","article_modified_time":"2018-10-15T15:34:15+00:00","og_image":[{"width":520,"height":533,"url":"https:\/\/aikidojo.fr\/ajaccio\/wp-content\/uploads\/2011\/07\/DT-ki_19_stef-bravin.jpg","type":"image\/jpeg"}],"author":"Stef Bravin","twitter_card":"summary_large_image","twitter_misc":{"\u00c9crit par":"Stef Bravin","Dur\u00e9e de lecture estim\u00e9e":"1 minute"},"schema":{"@context":"https:\/\/schema.org","@graph":[{"@type":"Article","@id":"https:\/\/aikidojo.fr\/ajaccio\/actu\/2249-saison-2018-2019.html#article","isPartOf":{"@id":"https:\/\/aikidojo.fr\/ajaccio\/actu\/2249-saison-2018-2019.html"},"author":{"name":"Stef Bravin","@id":"https:\/\/aikidojo.fr\/ajaccio\/#\/schema\/person\/328adca0cc58288bcfb13e3dad16a001"},"headline":"Saison 2018 \/ 2019","datePublished":"2018-09-14T16:59:40+00:00","dateModified":"2018-10-15T15:34:15+00:00","mainEntityOfPage":{"@id":"https:\/\/aikidojo.fr\/ajaccio\/actu\/2249-saison-2018-2019.html"},"wordCount":224,"publisher":{"@id":"https:\/\/aikidojo.fr\/ajaccio\/#organization"},"image":{"@id":"https:\/\/aikidojo.fr\/ajaccio\/actu\/2249-saison-2018-2019.html#primaryimage"},"thumbnailUrl":"https:\/\/aikidojo.fr\/ajaccio\/wp-content\/uploads\/2011\/07\/DT-ki_19_stef-bravin.jpg","keywords":["aikido ajaccio","Daniel Toutain","fundamental aikido","iwama ryu","wa no michi"],"articleSection":["Nutizie"],"inLanguage":"fr-FR"},{"@type":"WebPage","@id":"https:\/\/aikidojo.fr\/ajaccio\/actu\/2249-saison-2018-2019.html","url":"https:\/\/aikidojo.fr\/ajaccio\/actu\/2249-saison-2018-2019.html","name":"Saison 2018 \/ 2019 - Cours d&#039;Aikido Fondamental \u00e0 Ajaccio","isPartOf":{"@id":"https:\/\/aikidojo.fr\/ajaccio\/#website"},"primaryImageOfPage":{"@id":"https:\/\/aikidojo.fr\/ajaccio\/actu\/2249-saison-2018-2019.html#primaryimage"},"image":{"@id":"https:\/\/aikidojo.fr\/ajaccio\/actu\/2249-saison-2018-2019.html#primaryimage"},"thumbnailUrl":"https:\/\/aikidojo.fr\/ajaccio\/wp-content\/uploads\/2011\/07\/DT-ki_19_stef-bravin.jpg","datePublished":"2018-09-14T16:59:40+00:00","dateModified":"2018-10-15T15:34:15+00:00","breadcrumb":{"@id":"https:\/\/aikidojo.fr\/ajaccio\/actu\/2249-saison-2018-2019.html#breadcrumb"},"inLanguage":"fr-FR","potentialAction":[{"@type":"ReadAction","target":["https:\/\/aikidojo.fr\/ajaccio\/actu\/2249-saison-2018-2019.html"]}]},{"@type":"ImageObject","inLanguage":"fr-FR","@id":"https:\/\/aikidojo.fr\/ajaccio\/actu\/2249-saison-2018-2019.html#primaryimage","url":"https:\/\/aikidojo.fr\/ajaccio\/wp-content\/uploads\/2011\/07\/DT-ki_19_stef-bravin.jpg","contentUrl":"https:\/\/aikidojo.fr\/ajaccio\/wp-content\/uploads\/2011\/07\/DT-ki_19_stef-bravin.jpg","width":520,"height":533},{"@type":"BreadcrumbList","@id":"https:\/\/aikidojo.fr\/ajaccio\/actu\/2249-saison-2018-2019.html#breadcrumb","itemListElement":[{"@type":"ListItem","position":1,"name":"Home","item":"https:\/\/aikidojo.fr\/ajaccio\/"},{"@type":"ListItem","position":2,"name":"Saison 2018 \/ 2019"}]},{"@type":"WebSite","@id":"https:\/\/aikidojo.fr\/ajaccio\/#website","url":"https:\/\/aikidojo.fr\/ajaccio\/","name":"Aikido Fondamental \u00e0 Ajaccio","description":"FAA Corse","publisher":{"@id":"https:\/\/aikidojo.fr\/ajaccio\/#organization"},"potentialAction":[{"@type":"SearchAction","target":{"@type":"EntryPoint","urlTemplate":"https:\/\/aikidojo.fr\/ajaccio\/?s={search_term_string}"},"query-input":{"@type":"PropertyValueSpecification","valueRequired":true,"valueName":"search_term_string"}}],"inLanguage":"fr-FR"},{"@type":"Organization","@id":"https:\/\/aikidojo.fr\/ajaccio\/#organization","name":"AIki Dojo Ajaccio","url":"https:\/\/aikidojo.fr\/ajaccio\/","logo":{"@type":"ImageObject","inLanguage":"fr-FR","@id":"https:\/\/aikidojo.fr\/ajaccio\/#\/schema\/logo\/image\/","url":"https:\/\/aikidojo.fr\/ajaccio\/wp-content\/uploads\/2011\/07\/kamon_aikidojo_ajaccio.jpg","contentUrl":"https:\/\/aikidojo.fr\/ajaccio\/wp-content\/uploads\/2011\/07\/kamon_aikidojo_ajaccio.jpg","width":150,"height":150,"caption":"AIki Dojo Ajaccio"},"image":{"@id":"https:\/\/aikidojo.fr\/ajaccio\/#\/schema\/logo\/image\/"},"sameAs":["https:\/\/www.facebook.com\/aikidojoajaccio"]},{"@type":"Person","@id":"https:\/\/aikidojo.fr\/ajaccio\/#\/schema\/person\/328adca0cc58288bcfb13e3dad16a001","name":"Stef Bravin","image":{"@type":"ImageObject","inLanguage":"fr-FR","@id":"https:\/\/aikidojo.fr\/ajaccio\/#\/schema\/person\/image\/","url":"https:\/\/secure.gravatar.com\/avatar\/4fb70b3bc2f1e476eb9a9d3d3c93a6b5?s=96&d=mm&r=g","contentUrl":"https:\/\/secure.gravatar.com\/avatar\/4fb70b3bc2f1e476eb9a9d3d3c93a6b5?s=96&d=mm&r=g","caption":"Stef Bravin"},"sameAs":["https:\/\/aikidojo.fr\/ajaccio","https:\/\/www.facebook.com\/aikidojoajaccio","https:\/\/www.instagram.com\/aikidojo_ajaccio","https:\/\/youtube.com\/@aikidojoajacciocorse?si=ZsgIRtdGbTMnFWkH"],"url":"https:\/\/aikidojo.fr\/ajaccio\/author\/stef"}]}},"_links":{"self":[{"href":"https:\/\/aikidojo.fr\/ajaccio\/wp-json\/wp\/v2\/posts\/2249"}],"collection":[{"href":"https:\/\/aikidojo.fr\/ajaccio\/wp-json\/wp\/v2\/posts"}],"about":[{"href":"https:\/\/aikidojo.fr\/ajaccio\/wp-json\/wp\/v2\/types\/post"}],"author":[{"embeddable":true,"href":"https:\/\/aikidojo.fr\/ajaccio\/wp-json\/wp\/v2\/users\/2"}],"replies":[{"embeddable":true,"href":"https:\/\/aikidojo.fr\/ajaccio\/wp-json\/wp\/v2\/comments?post=2249"}],"version-history":[{"count":6,"href":"https:\/\/aikidojo.fr\/ajaccio\/wp-json\/wp\/v2\/posts\/2249\/revisions"}],"predecessor-version":[{"id":2260,"href":"https:\/\/aikidojo.fr\/ajaccio\/wp-json\/wp\/v2\/posts\/2249\/revisions\/2260"}],"wp:featuredmedia":[{"embeddable":true,"href":"https:\/\/aikidojo.fr\/ajaccio\/wp-json\/wp\/v2\/media\/2199"}],"wp:attachment":[{"href":"https:\/\/aikidojo.fr\/ajaccio\/wp-json\/wp\/v2\/media?parent=2249"}],"wp:term":[{"taxonomy":"category","embeddable":true,"href":"https:\/\/aikidojo.fr\/ajaccio\/wp-json\/wp\/v2\/categories?post=2249"},{"taxonomy":"post_tag","embeddable":true,"href":"https:\/\/aikidojo.fr\/ajaccio\/wp-json\/wp\/v2\/tags?post=2249"}],"curies":[{"name":"wp","href":"https:\/\/api.w.org\/{rel}","templated":true}]}}