{"id":338,"date":"2011-09-17T19:40:42","date_gmt":"2011-09-17T19:40:42","guid":{"rendered":"https:\/\/aikidojo.fr\/ajaccio\/?p=338"},"modified":"2012-03-13T20:04:29","modified_gmt":"2012-03-13T20:04:29","slug":"iwama-lieu-ou-est-ne-laikido","status":"publish","type":"post","link":"https:\/\/aikidojo.fr\/ajaccio\/video-aikido\/338-iwama-lieu-ou-est-ne-laikido.html","title":{"rendered":"Iwama &#8211;   lieu o\u00f9 est n\u00e9 l&rsquo;A\u00efkido"},"content":{"rendered":"<p>Nous vous proposons une tr\u00e8s jolie vid\u00e9o de pr\u00e9sentation du dojo du fondateur. C&rsquo;est dans ce dojo qu&rsquo;il a pu d\u00e9velopper l&rsquo;A\u00efkido que nous pratiquons encore aujourd&rsquo;hui au sein d&rsquo;Iwama Ryu<\/p>\n<p><iframe loading=\"lazy\" title=\"Iwama - Aikido birthplace - Lieu de d&#039;origine de l&#039;Aikido\" width=\"1200\" height=\"900\" src=\"https:\/\/www.youtube.com\/embed\/4Rcr_awRB-k?feature=oembed\" frameborder=\"0\" allow=\"accelerometer; autoplay; clipboard-write; encrypted-media; gyroscope; picture-in-picture\" allowfullscreen><\/iframe><\/p>\n","protected":false},"excerpt":{"rendered":"<p>Nous vous proposons une tr\u00e8s jolie vid\u00e9o <\/p>\n","protected":false},"author":2,"featured_media":350,"comment_status":"open","ping_status":"closed","sticky":false,"template":"","format":"standard","meta":{"footnotes":""},"categories":[5],"tags":[],"class_list":["post-338","post","type-post","status-publish","format-standard","has-post-thumbnail","hentry","category-video-aikido","infinite-scroll-item","generate-columns","tablet-grid-50","mobile-grid-100","grid-parent","grid-50"],"yoast_head":"<!-- This site is optimized with the Yoast SEO plugin v23.4 - https:\/\/yoast.com\/wordpress\/plugins\/seo\/ -->\n<title>Iwama -  lieu o\u00f9 est n\u00e9 l&#039;A\u00efkido - Cours d&#039;Aikido Fondamental \u00e0 Ajaccio<\/title>\n<meta name=\"robots\" content=\"index, follow, max-snippet:-1, max-image-preview:large, max-video-preview:-1\" \/>\n<link rel=\"canonical\" href=\"https:\/\/aikidojo.fr\/ajaccio\/video-aikido\/338-iwama-lieu-ou-est-ne-laikido.html\" \/>\n<meta property=\"og:locale\" content=\"fr_FR\" \/>\n<meta property=\"og:type\" content=\"article\" \/>\n<meta property=\"og:title\" content=\"Iwama -  lieu o\u00f9 est n\u00e9 l&#039;A\u00efkido - Cours d&#039;Aikido Fondamental \u00e0 Ajaccio\" \/>\n<meta property=\"og:description\" content=\"Nous vous proposons une tr\u00e8s jolie vid\u00e9o\" \/>\n<meta property=\"og:url\" content=\"https:\/\/aikidojo.fr\/ajaccio\/video-aikido\/338-iwama-lieu-ou-est-ne-laikido.html\" \/>\n<meta property=\"og:site_name\" content=\"Cours d&#039;Aikido Fondamental \u00e0 Ajaccio\" \/>\n<meta property=\"article:publisher\" content=\"https:\/\/www.facebook.com\/aikidojoajaccio\" \/>\n<meta property=\"article:author\" content=\"https:\/\/www.facebook.com\/aikidojoajaccio\" \/>\n<meta property=\"article:published_time\" content=\"2011-09-17T19:40:42+00:00\" \/>\n<meta property=\"article:modified_time\" content=\"2012-03-13T20:04:29+00:00\" \/>\n<meta property=\"og:image\" content=\"https:\/\/aikidojo.fr\/ajaccio\/wp-content\/uploads\/2011\/09\/Image-16.png\" \/>\n\t<meta property=\"og:image:width\" content=\"637\" \/>\n\t<meta property=\"og:image:height\" content=\"391\" \/>\n\t<meta property=\"og:image:type\" content=\"image\/png\" \/>\n<meta name=\"author\" content=\"Stef Bravin\" \/>\n<meta name=\"twitter:card\" content=\"summary_large_image\" \/>\n<meta name=\"twitter:label1\" content=\"\u00c9crit par\" \/>\n\t<meta name=\"twitter:data1\" content=\"Stef Bravin\" \/>\n<script type=\"application\/ld+json\" class=\"yoast-schema-graph\">{\"@context\":\"https:\/\/schema.org\",\"@graph\":[{\"@type\":\"Article\",\"@id\":\"https:\/\/aikidojo.fr\/ajaccio\/video-aikido\/338-iwama-lieu-ou-est-ne-laikido.html#article\",\"isPartOf\":{\"@id\":\"https:\/\/aikidojo.fr\/ajaccio\/video-aikido\/338-iwama-lieu-ou-est-ne-laikido.html\"},\"author\":{\"name\":\"Stef Bravin\",\"@id\":\"https:\/\/aikidojo.fr\/ajaccio\/#\/schema\/person\/328adca0cc58288bcfb13e3dad16a001\"},\"headline\":\"Iwama &#8211; lieu o\u00f9 est n\u00e9 l&rsquo;A\u00efkido\",\"datePublished\":\"2011-09-17T19:40:42+00:00\",\"dateModified\":\"2012-03-13T20:04:29+00:00\",\"mainEntityOfPage\":{\"@id\":\"https:\/\/aikidojo.fr\/ajaccio\/video-aikido\/338-iwama-lieu-ou-est-ne-laikido.html\"},\"wordCount\":49,\"commentCount\":0,\"publisher\":{\"@id\":\"https:\/\/aikidojo.fr\/ajaccio\/#organization\"},\"image\":{\"@id\":\"https:\/\/aikidojo.fr\/ajaccio\/video-aikido\/338-iwama-lieu-ou-est-ne-laikido.html#primaryimage\"},\"thumbnailUrl\":\"https:\/\/aikidojo.fr\/ajaccio\/wp-content\/uploads\/2011\/09\/Image-16.png\",\"articleSection\":[\"Vid\u00e9os\"],\"inLanguage\":\"fr-FR\",\"potentialAction\":[{\"@type\":\"CommentAction\",\"name\":\"Comment\",\"target\":[\"https:\/\/aikidojo.fr\/ajaccio\/video-aikido\/338-iwama-lieu-ou-est-ne-laikido.html#respond\"]}]},{\"@type\":\"WebPage\",\"@id\":\"https:\/\/aikidojo.fr\/ajaccio\/video-aikido\/338-iwama-lieu-ou-est-ne-laikido.html\",\"url\":\"https:\/\/aikidojo.fr\/ajaccio\/video-aikido\/338-iwama-lieu-ou-est-ne-laikido.html\",\"name\":\"Iwama - lieu o\u00f9 est n\u00e9 l'A\u00efkido - Cours d&#039;Aikido Fondamental \u00e0 Ajaccio\",\"isPartOf\":{\"@id\":\"https:\/\/aikidojo.fr\/ajaccio\/#website\"},\"primaryImageOfPage\":{\"@id\":\"https:\/\/aikidojo.fr\/ajaccio\/video-aikido\/338-iwama-lieu-ou-est-ne-laikido.html#primaryimage\"},\"image\":{\"@id\":\"https:\/\/aikidojo.fr\/ajaccio\/video-aikido\/338-iwama-lieu-ou-est-ne-laikido.html#primaryimage\"},\"thumbnailUrl\":\"https:\/\/aikidojo.fr\/ajaccio\/wp-content\/uploads\/2011\/09\/Image-16.png\",\"datePublished\":\"2011-09-17T19:40:42+00:00\",\"dateModified\":\"2012-03-13T20:04:29+00:00\",\"breadcrumb\":{\"@id\":\"https:\/\/aikidojo.fr\/ajaccio\/video-aikido\/338-iwama-lieu-ou-est-ne-laikido.html#breadcrumb\"},\"inLanguage\":\"fr-FR\",\"potentialAction\":[{\"@type\":\"ReadAction\",\"target\":[\"https:\/\/aikidojo.fr\/ajaccio\/video-aikido\/338-iwama-lieu-ou-est-ne-laikido.html\"]}]},{\"@type\":\"ImageObject\",\"inLanguage\":\"fr-FR\",\"@id\":\"https:\/\/aikidojo.fr\/ajaccio\/video-aikido\/338-iwama-lieu-ou-est-ne-laikido.html#primaryimage\",\"url\":\"https:\/\/aikidojo.fr\/ajaccio\/wp-content\/uploads\/2011\/09\/Image-16.png\",\"contentUrl\":\"https:\/\/aikidojo.fr\/ajaccio\/wp-content\/uploads\/2011\/09\/Image-16.png\",\"width\":\"637\",\"height\":\"391\"},{\"@type\":\"BreadcrumbList\",\"@id\":\"https:\/\/aikidojo.fr\/ajaccio\/video-aikido\/338-iwama-lieu-ou-est-ne-laikido.html#breadcrumb\",\"itemListElement\":[{\"@type\":\"ListItem\",\"position\":1,\"name\":\"Home\",\"item\":\"https:\/\/aikidojo.fr\/ajaccio\/\"},{\"@type\":\"ListItem\",\"position\":2,\"name\":\"Iwama &#8211; lieu o\u00f9 est n\u00e9 l&rsquo;A\u00efkido\"}]},{\"@type\":\"WebSite\",\"@id\":\"https:\/\/aikidojo.fr\/ajaccio\/#website\",\"url\":\"https:\/\/aikidojo.fr\/ajaccio\/\",\"name\":\"Aikido Fondamental \u00e0 Ajaccio\",\"description\":\"FAA Corse\",\"publisher\":{\"@id\":\"https:\/\/aikidojo.fr\/ajaccio\/#organization\"},\"potentialAction\":[{\"@type\":\"SearchAction\",\"target\":{\"@type\":\"EntryPoint\",\"urlTemplate\":\"https:\/\/aikidojo.fr\/ajaccio\/?s={search_term_string}\"},\"query-input\":{\"@type\":\"PropertyValueSpecification\",\"valueRequired\":true,\"valueName\":\"search_term_string\"}}],\"inLanguage\":\"fr-FR\"},{\"@type\":\"Organization\",\"@id\":\"https:\/\/aikidojo.fr\/ajaccio\/#organization\",\"name\":\"AIki Dojo Ajaccio\",\"url\":\"https:\/\/aikidojo.fr\/ajaccio\/\",\"logo\":{\"@type\":\"ImageObject\",\"inLanguage\":\"fr-FR\",\"@id\":\"https:\/\/aikidojo.fr\/ajaccio\/#\/schema\/logo\/image\/\",\"url\":\"https:\/\/aikidojo.fr\/ajaccio\/wp-content\/uploads\/2011\/07\/kamon_aikidojo_ajaccio.jpg\",\"contentUrl\":\"https:\/\/aikidojo.fr\/ajaccio\/wp-content\/uploads\/2011\/07\/kamon_aikidojo_ajaccio.jpg\",\"width\":150,\"height\":150,\"caption\":\"AIki Dojo Ajaccio\"},\"image\":{\"@id\":\"https:\/\/aikidojo.fr\/ajaccio\/#\/schema\/logo\/image\/\"},\"sameAs\":[\"https:\/\/www.facebook.com\/aikidojoajaccio\"]},{\"@type\":\"Person\",\"@id\":\"https:\/\/aikidojo.fr\/ajaccio\/#\/schema\/person\/328adca0cc58288bcfb13e3dad16a001\",\"name\":\"Stef Bravin\",\"image\":{\"@type\":\"ImageObject\",\"inLanguage\":\"fr-FR\",\"@id\":\"https:\/\/aikidojo.fr\/ajaccio\/#\/schema\/person\/image\/\",\"url\":\"https:\/\/secure.gravatar.com\/avatar\/4fb70b3bc2f1e476eb9a9d3d3c93a6b5?s=96&d=mm&r=g\",\"contentUrl\":\"https:\/\/secure.gravatar.com\/avatar\/4fb70b3bc2f1e476eb9a9d3d3c93a6b5?s=96&d=mm&r=g\",\"caption\":\"Stef Bravin\"},\"sameAs\":[\"https:\/\/aikidojo.fr\/ajaccio\",\"https:\/\/www.facebook.com\/aikidojoajaccio\",\"https:\/\/www.instagram.com\/aikidojo_ajaccio\",\"https:\/\/youtube.com\/@aikidojoajacciocorse?si=ZsgIRtdGbTMnFWkH\"],\"url\":\"https:\/\/aikidojo.fr\/ajaccio\/author\/stef\"}]}<\/script>\n<!-- \/ Yoast SEO plugin. -->","yoast_head_json":{"title":"Iwama -  lieu o\u00f9 est n\u00e9 l'A\u00efkido - Cours d&#039;Aikido Fondamental \u00e0 Ajaccio","robots":{"index":"index","follow":"follow","max-snippet":"max-snippet:-1","max-image-preview":"max-image-preview:large","max-video-preview":"max-video-preview:-1"},"canonical":"https:\/\/aikidojo.fr\/ajaccio\/video-aikido\/338-iwama-lieu-ou-est-ne-laikido.html","og_locale":"fr_FR","og_type":"article","og_title":"Iwama -  lieu o\u00f9 est n\u00e9 l'A\u00efkido - Cours d&#039;Aikido Fondamental \u00e0 Ajaccio","og_description":"Nous vous proposons une tr\u00e8s jolie vid\u00e9o","og_url":"https:\/\/aikidojo.fr\/ajaccio\/video-aikido\/338-iwama-lieu-ou-est-ne-laikido.html","og_site_name":"Cours d&#039;Aikido Fondamental \u00e0 Ajaccio","article_publisher":"https:\/\/www.facebook.com\/aikidojoajaccio","article_author":"https:\/\/www.facebook.com\/aikidojoajaccio","article_published_time":"2011-09-17T19:40:42+00:00","article_modified_time":"2012-03-13T20:04:29+00:00","og_image":[{"width":637,"height":391,"url":"https:\/\/aikidojo.fr\/ajaccio\/wp-content\/uploads\/2011\/09\/Image-16.png","type":"image\/png"}],"author":"Stef Bravin","twitter_card":"summary_large_image","twitter_misc":{"\u00c9crit par":"Stef Bravin"},"schema":{"@context":"https:\/\/schema.org","@graph":[{"@type":"Article","@id":"https:\/\/aikidojo.fr\/ajaccio\/video-aikido\/338-iwama-lieu-ou-est-ne-laikido.html#article","isPartOf":{"@id":"https:\/\/aikidojo.fr\/ajaccio\/video-aikido\/338-iwama-lieu-ou-est-ne-laikido.html"},"author":{"name":"Stef Bravin","@id":"https:\/\/aikidojo.fr\/ajaccio\/#\/schema\/person\/328adca0cc58288bcfb13e3dad16a001"},"headline":"Iwama &#8211; lieu o\u00f9 est n\u00e9 l&rsquo;A\u00efkido","datePublished":"2011-09-17T19:40:42+00:00","dateModified":"2012-03-13T20:04:29+00:00","mainEntityOfPage":{"@id":"https:\/\/aikidojo.fr\/ajaccio\/video-aikido\/338-iwama-lieu-ou-est-ne-laikido.html"},"wordCount":49,"commentCount":0,"publisher":{"@id":"https:\/\/aikidojo.fr\/ajaccio\/#organization"},"image":{"@id":"https:\/\/aikidojo.fr\/ajaccio\/video-aikido\/338-iwama-lieu-ou-est-ne-laikido.html#primaryimage"},"thumbnailUrl":"https:\/\/aikidojo.fr\/ajaccio\/wp-content\/uploads\/2011\/09\/Image-16.png","articleSection":["Vid\u00e9os"],"inLanguage":"fr-FR","potentialAction":[{"@type":"CommentAction","name":"Comment","target":["https:\/\/aikidojo.fr\/ajaccio\/video-aikido\/338-iwama-lieu-ou-est-ne-laikido.html#respond"]}]},{"@type":"WebPage","@id":"https:\/\/aikidojo.fr\/ajaccio\/video-aikido\/338-iwama-lieu-ou-est-ne-laikido.html","url":"https:\/\/aikidojo.fr\/ajaccio\/video-aikido\/338-iwama-lieu-ou-est-ne-laikido.html","name":"Iwama - lieu o\u00f9 est n\u00e9 l'A\u00efkido - Cours d&#039;Aikido Fondamental \u00e0 Ajaccio","isPartOf":{"@id":"https:\/\/aikidojo.fr\/ajaccio\/#website"},"primaryImageOfPage":{"@id":"https:\/\/aikidojo.fr\/ajaccio\/video-aikido\/338-iwama-lieu-ou-est-ne-laikido.html#primaryimage"},"image":{"@id":"https:\/\/aikidojo.fr\/ajaccio\/video-aikido\/338-iwama-lieu-ou-est-ne-laikido.html#primaryimage"},"thumbnailUrl":"https:\/\/aikidojo.fr\/ajaccio\/wp-content\/uploads\/2011\/09\/Image-16.png","datePublished":"2011-09-17T19:40:42+00:00","dateModified":"2012-03-13T20:04:29+00:00","breadcrumb":{"@id":"https:\/\/aikidojo.fr\/ajaccio\/video-aikido\/338-iwama-lieu-ou-est-ne-laikido.html#breadcrumb"},"inLanguage":"fr-FR","potentialAction":[{"@type":"ReadAction","target":["https:\/\/aikidojo.fr\/ajaccio\/video-aikido\/338-iwama-lieu-ou-est-ne-laikido.html"]}]},{"@type":"ImageObject","inLanguage":"fr-FR","@id":"https:\/\/aikidojo.fr\/ajaccio\/video-aikido\/338-iwama-lieu-ou-est-ne-laikido.html#primaryimage","url":"https:\/\/aikidojo.fr\/ajaccio\/wp-content\/uploads\/2011\/09\/Image-16.png","contentUrl":"https:\/\/aikidojo.fr\/ajaccio\/wp-content\/uploads\/2011\/09\/Image-16.png","width":"637","height":"391"},{"@type":"BreadcrumbList","@id":"https:\/\/aikidojo.fr\/ajaccio\/video-aikido\/338-iwama-lieu-ou-est-ne-laikido.html#breadcrumb","itemListElement":[{"@type":"ListItem","position":1,"name":"Home","item":"https:\/\/aikidojo.fr\/ajaccio\/"},{"@type":"ListItem","position":2,"name":"Iwama &#8211; lieu o\u00f9 est n\u00e9 l&rsquo;A\u00efkido"}]},{"@type":"WebSite","@id":"https:\/\/aikidojo.fr\/ajaccio\/#website","url":"https:\/\/aikidojo.fr\/ajaccio\/","name":"Aikido Fondamental \u00e0 Ajaccio","description":"FAA Corse","publisher":{"@id":"https:\/\/aikidojo.fr\/ajaccio\/#organization"},"potentialAction":[{"@type":"SearchAction","target":{"@type":"EntryPoint","urlTemplate":"https:\/\/aikidojo.fr\/ajaccio\/?s={search_term_string}"},"query-input":{"@type":"PropertyValueSpecification","valueRequired":true,"valueName":"search_term_string"}}],"inLanguage":"fr-FR"},{"@type":"Organization","@id":"https:\/\/aikidojo.fr\/ajaccio\/#organization","name":"AIki Dojo Ajaccio","url":"https:\/\/aikidojo.fr\/ajaccio\/","logo":{"@type":"ImageObject","inLanguage":"fr-FR","@id":"https:\/\/aikidojo.fr\/ajaccio\/#\/schema\/logo\/image\/","url":"https:\/\/aikidojo.fr\/ajaccio\/wp-content\/uploads\/2011\/07\/kamon_aikidojo_ajaccio.jpg","contentUrl":"https:\/\/aikidojo.fr\/ajaccio\/wp-content\/uploads\/2011\/07\/kamon_aikidojo_ajaccio.jpg","width":150,"height":150,"caption":"AIki Dojo Ajaccio"},"image":{"@id":"https:\/\/aikidojo.fr\/ajaccio\/#\/schema\/logo\/image\/"},"sameAs":["https:\/\/www.facebook.com\/aikidojoajaccio"]},{"@type":"Person","@id":"https:\/\/aikidojo.fr\/ajaccio\/#\/schema\/person\/328adca0cc58288bcfb13e3dad16a001","name":"Stef Bravin","image":{"@type":"ImageObject","inLanguage":"fr-FR","@id":"https:\/\/aikidojo.fr\/ajaccio\/#\/schema\/person\/image\/","url":"https:\/\/secure.gravatar.com\/avatar\/4fb70b3bc2f1e476eb9a9d3d3c93a6b5?s=96&d=mm&r=g","contentUrl":"https:\/\/secure.gravatar.com\/avatar\/4fb70b3bc2f1e476eb9a9d3d3c93a6b5?s=96&d=mm&r=g","caption":"Stef Bravin"},"sameAs":["https:\/\/aikidojo.fr\/ajaccio","https:\/\/www.facebook.com\/aikidojoajaccio","https:\/\/www.instagram.com\/aikidojo_ajaccio","https:\/\/youtube.com\/@aikidojoajacciocorse?si=ZsgIRtdGbTMnFWkH"],"url":"https:\/\/aikidojo.fr\/ajaccio\/author\/stef"}]}},"_links":{"self":[{"href":"https:\/\/aikidojo.fr\/ajaccio\/wp-json\/wp\/v2\/posts\/338"}],"collection":[{"href":"https:\/\/aikidojo.fr\/ajaccio\/wp-json\/wp\/v2\/posts"}],"about":[{"href":"https:\/\/aikidojo.fr\/ajaccio\/wp-json\/wp\/v2\/types\/post"}],"author":[{"embeddable":true,"href":"https:\/\/aikidojo.fr\/ajaccio\/wp-json\/wp\/v2\/users\/2"}],"replies":[{"embeddable":true,"href":"https:\/\/aikidojo.fr\/ajaccio\/wp-json\/wp\/v2\/comments?post=338"}],"version-history":[{"count":8,"href":"https:\/\/aikidojo.fr\/ajaccio\/wp-json\/wp\/v2\/posts\/338\/revisions"}],"predecessor-version":[{"id":889,"href":"https:\/\/aikidojo.fr\/ajaccio\/wp-json\/wp\/v2\/posts\/338\/revisions\/889"}],"wp:featuredmedia":[{"embeddable":true,"href":"https:\/\/aikidojo.fr\/ajaccio\/wp-json\/wp\/v2\/media\/350"}],"wp:attachment":[{"href":"https:\/\/aikidojo.fr\/ajaccio\/wp-json\/wp\/v2\/media?parent=338"}],"wp:term":[{"taxonomy":"category","embeddable":true,"href":"https:\/\/aikidojo.fr\/ajaccio\/wp-json\/wp\/v2\/categories?post=338"},{"taxonomy":"post_tag","embeddable":true,"href":"https:\/\/aikidojo.fr\/ajaccio\/wp-json\/wp\/v2\/tags?post=338"}],"curies":[{"name":"wp","href":"https:\/\/api.w.org\/{rel}","templated":true}]}}