{"id":416,"date":"2011-09-18T06:05:53","date_gmt":"2011-09-18T06:05:53","guid":{"rendered":"https:\/\/aikidojo.fr\/ajaccio\/?p=416"},"modified":"2012-04-19T19:51:37","modified_gmt":"2012-04-19T19:51:37","slug":"uchi-deshi-week","status":"publish","type":"post","link":"https:\/\/aikidojo.fr\/ajaccio\/photo\/416-uchi-deshi-week.html","title":{"rendered":"Semaines uchi deshi au Tardoun"},"content":{"rendered":"<p>&nbsp;<\/p>\n<p style=\"text-align: justify;\">Le Tardoun, \u00a0tout ceux qui y sont all\u00e9s en gardent un souvenir imp\u00e9rissable. \u00a0Un dojo perdu au milieu de la montagne, \u00a0au bout d&rsquo;une piste dans les Alpes de Haute Provence. \u00a0Les seuls sons \u00e9taient le ruisseau qui coulaient dans le vallon, \u00a0le vent et les oiseaux. \u00a0Un vrai lieu de calme d\u00e9di\u00e9 \u00e0 l&rsquo;\u00e9tude sans \u00e9l\u00e9ments perturbateurs.<\/p>\n<blockquote>\n<p style=\"text-align: justify;\"><em>\u201cun dojo traditionnel en bois, le contact direct avec la nature, \u00a0une atmosph\u00e8re qui me rappelle Iwama\u201d<\/em> &#8211; \u00a0Daniel Toutain<\/p>\n<\/blockquote>\n<p>&nbsp;<\/p>\n<div class=\"mceTemp\" style=\"text-align: justify;\">\n<dl id=\"attachment_418\" class=\"wp-caption alignnone\" style=\"width: 586px;\">\n<dt class=\"wp-caption-dt\"><a href=\"https:\/\/aikidojo.fr\/ajaccio\/photo\/416-uchi-deshi-week.html\/attachment\/suburi-2\" rel=\"attachment wp-att-418\"><img loading=\"lazy\" decoding=\"async\" class=\"size-full wp-image-418 \" title=\"suburi\" src=\"https:\/\/aikidojo.fr\/ajaccio\/wp-content\/uploads\/2011\/09\/suburi1.jpg\" alt=\"\" width=\"576\" height=\"430\" srcset=\"https:\/\/aikidojo.fr\/ajaccio\/wp-content\/uploads\/2011\/09\/suburi1.jpg 720w, https:\/\/aikidojo.fr\/ajaccio\/wp-content\/uploads\/2011\/09\/suburi1-300x224.jpg 300w, https:\/\/aikidojo.fr\/ajaccio\/wp-content\/uploads\/2011\/09\/suburi1-150x112.jpg 150w, https:\/\/aikidojo.fr\/ajaccio\/wp-content\/uploads\/2011\/09\/suburi1-400x298.jpg 400w\" sizes=\"(max-width: 576px) 100vw, 576px\" \/><\/a><\/dt>\n<dd class=\"wp-caption-dd\">s\u00e9ance de suburi &#8211; photo C\u00e9dric Bournais<\/dd>\n<\/dl>\n<\/div>\n<p>Les cours du matin commencent par une s\u00e9ance de m\u00e9ditation, \u00a0puis par l&rsquo;apprentissage des suburi.<\/p>\n<figure id=\"attachment_423\" aria-describedby=\"caption-attachment-423\" style=\"width: 348px\" class=\"wp-caption alignnone\"><a href=\"https:\/\/aikidojo.fr\/ajaccio\/photo\/416-uchi-deshi-week.html\/attachment\/uchi-deschi\" rel=\"attachment wp-att-423\"><img loading=\"lazy\" decoding=\"async\" class=\"size-full wp-image-423  \" title=\"Uchi-deschi\" src=\"https:\/\/aikidojo.fr\/ajaccio\/wp-content\/uploads\/2011\/09\/Uchi-deschi.jpg\" alt=\"\" width=\"358\" height=\"504\" srcset=\"https:\/\/aikidojo.fr\/ajaccio\/wp-content\/uploads\/2011\/09\/Uchi-deschi.jpg 511w, https:\/\/aikidojo.fr\/ajaccio\/wp-content\/uploads\/2011\/09\/Uchi-deschi-106x150.jpg 106w, https:\/\/aikidojo.fr\/ajaccio\/wp-content\/uploads\/2011\/09\/Uchi-deschi-400x563.jpg 400w\" sizes=\"(max-width: 358px) 100vw, 358px\" \/><\/a><figcaption id=\"caption-attachment-423\" class=\"wp-caption-text\">Nettoyage du dojo - photo Edith Savalli<\/figcaption><\/figure>\n<p>Apr\u00e8s les cours du matin, \u00a0nettoyage du dojo<\/p>\n<figure id=\"attachment_424\" aria-describedby=\"caption-attachment-424\" style=\"width: 566px\" class=\"wp-caption alignnone\"><a href=\"https:\/\/aikidojo.fr\/ajaccio\/photo\/416-uchi-deshi-week.html\/attachment\/tardoun\" rel=\"attachment wp-att-424\"><img loading=\"lazy\" decoding=\"async\" class=\"size-full wp-image-424  \" title=\"tardoun\" src=\"https:\/\/aikidojo.fr\/ajaccio\/wp-content\/uploads\/2011\/09\/tardoun.jpg\" alt=\"\" width=\"576\" height=\"257\" srcset=\"https:\/\/aikidojo.fr\/ajaccio\/wp-content\/uploads\/2011\/09\/tardoun.jpg 720w, https:\/\/aikidojo.fr\/ajaccio\/wp-content\/uploads\/2011\/09\/tardoun-300x133.jpg 300w, https:\/\/aikidojo.fr\/ajaccio\/wp-content\/uploads\/2011\/09\/tardoun-150x66.jpg 150w, https:\/\/aikidojo.fr\/ajaccio\/wp-content\/uploads\/2011\/09\/tardoun-400x178.jpg 400w\" sizes=\"(max-width: 576px) 100vw, 576px\" \/><\/a><figcaption id=\"caption-attachment-424\" class=\"wp-caption-text\">Dojo du Tardoun - photo Stef Bravin<\/figcaption><\/figure>\n<figure id=\"attachment_425\" aria-describedby=\"caption-attachment-425\" style=\"width: 322px\" class=\"wp-caption alignnone\"><a href=\"https:\/\/aikidojo.fr\/ajaccio\/photo\/416-uchi-deshi-week.html\/attachment\/dojo-corse\" rel=\"attachment wp-att-425\"><img loading=\"lazy\" decoding=\"async\" class=\"size-full wp-image-425\" title=\"dojo-corse\" src=\"https:\/\/aikidojo.fr\/ajaccio\/wp-content\/uploads\/2011\/09\/dojo-corse.jpg\" alt=\"\" width=\"332\" height=\"504\" srcset=\"https:\/\/aikidojo.fr\/ajaccio\/wp-content\/uploads\/2011\/09\/dojo-corse.jpg 474w, https:\/\/aikidojo.fr\/ajaccio\/wp-content\/uploads\/2011\/09\/dojo-corse-197x300.jpg 197w, https:\/\/aikidojo.fr\/ajaccio\/wp-content\/uploads\/2011\/09\/dojo-corse-98x150.jpg 98w, https:\/\/aikidojo.fr\/ajaccio\/wp-content\/uploads\/2011\/09\/dojo-corse-400x607.jpg 400w\" sizes=\"(max-width: 332px) 100vw, 332px\" \/><\/a><figcaption id=\"caption-attachment-425\" class=\"wp-caption-text\">photo Stef Bravin<\/figcaption><\/figure>\n<figure id=\"attachment_426\" aria-describedby=\"caption-attachment-426\" style=\"width: 555px\" class=\"wp-caption alignnone\"><a href=\"https:\/\/aikidojo.fr\/ajaccio\/photo\/416-uchi-deshi-week.html\/attachment\/buki-waza\" rel=\"attachment wp-att-426\"><img loading=\"lazy\" decoding=\"async\" class=\"size-full wp-image-426  \" title=\"buki-waza\" src=\"https:\/\/aikidojo.fr\/ajaccio\/wp-content\/uploads\/2011\/09\/buki-waza.jpg\" alt=\"\" width=\"565\" height=\"374\" srcset=\"https:\/\/aikidojo.fr\/ajaccio\/wp-content\/uploads\/2011\/09\/buki-waza.jpg 706w, https:\/\/aikidojo.fr\/ajaccio\/wp-content\/uploads\/2011\/09\/buki-waza-300x198.jpg 300w, https:\/\/aikidojo.fr\/ajaccio\/wp-content\/uploads\/2011\/09\/buki-waza-150x99.jpg 150w, https:\/\/aikidojo.fr\/ajaccio\/wp-content\/uploads\/2011\/09\/buki-waza-400x265.jpg 400w\" sizes=\"(max-width: 565px) 100vw, 565px\" \/><\/a><figcaption id=\"caption-attachment-426\" class=\"wp-caption-text\">Les cours d&#39;armes se pratiquent traditionnellement dehors \u00e0 Iwama - photo Stef Bravin<\/figcaption><\/figure>\n<p>Apr\u00e8s les cours avec Daniel, \u00a0les uchi deshi \u00e9tudient seuls afin de peaufiner les corrections du cours du matin, \u00a0d&rsquo;autres se reposent<\/p>\n<figure id=\"attachment_432\" aria-describedby=\"caption-attachment-432\" style=\"width: 566px\" class=\"wp-caption alignnone\"><a href=\"https:\/\/aikidojo.fr\/ajaccio\/photo\/416-uchi-deshi-week.html\/attachment\/dojo-ajaccio\" rel=\"attachment wp-att-432\"><img loading=\"lazy\" decoding=\"async\" class=\"size-full wp-image-432  \" title=\"dojo-ajaccio\" src=\"https:\/\/aikidojo.fr\/ajaccio\/wp-content\/uploads\/2011\/09\/dojo-ajaccio.jpg\" alt=\"\" width=\"576\" height=\"384\" srcset=\"https:\/\/aikidojo.fr\/ajaccio\/wp-content\/uploads\/2011\/09\/dojo-ajaccio.jpg 720w, https:\/\/aikidojo.fr\/ajaccio\/wp-content\/uploads\/2011\/09\/dojo-ajaccio-300x200.jpg 300w, https:\/\/aikidojo.fr\/ajaccio\/wp-content\/uploads\/2011\/09\/dojo-ajaccio-150x100.jpg 150w, https:\/\/aikidojo.fr\/ajaccio\/wp-content\/uploads\/2011\/09\/dojo-ajaccio-400x266.jpg 400w\" sizes=\"(max-width: 576px) 100vw, 576px\" \/><\/a><figcaption id=\"caption-attachment-432\" class=\"wp-caption-text\">instant de travail libre. Les livres de Saito Sensei sont un bon support - photo Stef Bravin<\/figcaption><\/figure>\n<figure id=\"attachment_433\" aria-describedby=\"caption-attachment-433\" style=\"width: 332px\" class=\"wp-caption alignnone\"><a href=\"https:\/\/aikidojo.fr\/ajaccio\/photo\/416-uchi-deshi-week.html\/attachment\/suburi-miroir\" rel=\"attachment wp-att-433\"><img loading=\"lazy\" decoding=\"async\" class=\"size-full wp-image-433\" title=\"suburi-miroir\" src=\"https:\/\/aikidojo.fr\/ajaccio\/wp-content\/uploads\/2011\/09\/suburi-miroir.jpg\" alt=\"\" width=\"342\" height=\"504\" srcset=\"https:\/\/aikidojo.fr\/ajaccio\/wp-content\/uploads\/2011\/09\/suburi-miroir.jpg 489w, https:\/\/aikidojo.fr\/ajaccio\/wp-content\/uploads\/2011\/09\/suburi-miroir-203x300.jpg 203w, https:\/\/aikidojo.fr\/ajaccio\/wp-content\/uploads\/2011\/09\/suburi-miroir-101x150.jpg 101w, https:\/\/aikidojo.fr\/ajaccio\/wp-content\/uploads\/2011\/09\/suburi-miroir-400x588.jpg 400w\" sizes=\"(max-width: 342px) 100vw, 342px\" \/><\/a><figcaption id=\"caption-attachment-433\" class=\"wp-caption-text\">Travail libre - photo Stef Bravin<\/figcaption><\/figure>\n<p>&nbsp;<\/p>\n<figure id=\"attachment_438\" aria-describedby=\"caption-attachment-438\" style=\"width: 566px\" class=\"wp-caption alignnone\"><a href=\"https:\/\/aikidojo.fr\/ajaccio\/photo\/416-uchi-deshi-week.html\/attachment\/nikkyo\" rel=\"attachment wp-att-438\"><img loading=\"lazy\" decoding=\"async\" class=\"size-full wp-image-438 \" title=\"nikkyo\" src=\"https:\/\/aikidojo.fr\/ajaccio\/wp-content\/uploads\/2011\/09\/nikkyo.jpg\" alt=\"\" width=\"576\" height=\"438\" srcset=\"https:\/\/aikidojo.fr\/ajaccio\/wp-content\/uploads\/2011\/09\/nikkyo.jpg 720w, https:\/\/aikidojo.fr\/ajaccio\/wp-content\/uploads\/2011\/09\/nikkyo-300x227.jpg 300w, https:\/\/aikidojo.fr\/ajaccio\/wp-content\/uploads\/2011\/09\/nikkyo-150x113.jpg 150w, https:\/\/aikidojo.fr\/ajaccio\/wp-content\/uploads\/2011\/09\/nikkyo-400x303.jpg 400w\" sizes=\"(max-width: 576px) 100vw, 576px\" \/><\/a><figcaption id=\"caption-attachment-438\" class=\"wp-caption-text\">macagna sur nikkyo - photo Stef Bravin<\/figcaption><\/figure>\n<figure id=\"attachment_439\" aria-describedby=\"caption-attachment-439\" style=\"width: 566px\" class=\"wp-caption alignnone\"><a href=\"https:\/\/aikidojo.fr\/ajaccio\/photo\/416-uchi-deshi-week.html\/attachment\/iwama-aikido\" rel=\"attachment wp-att-439\"><img loading=\"lazy\" decoding=\"async\" class=\"size-full wp-image-439 \" title=\"Iwama-aikido\" src=\"https:\/\/aikidojo.fr\/ajaccio\/wp-content\/uploads\/2011\/09\/Iwama-aikido.jpg\" alt=\"\" width=\"576\" height=\"385\" srcset=\"https:\/\/aikidojo.fr\/ajaccio\/wp-content\/uploads\/2011\/09\/Iwama-aikido.jpg 720w, https:\/\/aikidojo.fr\/ajaccio\/wp-content\/uploads\/2011\/09\/Iwama-aikido-300x200.jpg 300w, https:\/\/aikidojo.fr\/ajaccio\/wp-content\/uploads\/2011\/09\/Iwama-aikido-150x100.jpg 150w, https:\/\/aikidojo.fr\/ajaccio\/wp-content\/uploads\/2011\/09\/Iwama-aikido-400x267.jpg 400w\" sizes=\"(max-width: 576px) 100vw, 576px\" \/><\/a><figcaption id=\"caption-attachment-439\" class=\"wp-caption-text\">moment de convivialit\u00e9 - photo Eric Savalli<\/figcaption><\/figure>\n<figure id=\"attachment_440\" aria-describedby=\"caption-attachment-440\" style=\"width: 566px\" class=\"wp-caption alignnone\"><a href=\"https:\/\/aikidojo.fr\/ajaccio\/photo\/416-uchi-deshi-week.html\/attachment\/kamisama-tardoun\" rel=\"attachment wp-att-440\"><img loading=\"lazy\" decoding=\"async\" class=\"size-full wp-image-440 \" title=\"kamisama-tardoun\" src=\"https:\/\/aikidojo.fr\/ajaccio\/wp-content\/uploads\/2011\/09\/kamisama-tardoun.jpg\" alt=\"\" width=\"576\" height=\"274\" srcset=\"https:\/\/aikidojo.fr\/ajaccio\/wp-content\/uploads\/2011\/09\/kamisama-tardoun.jpg 720w, https:\/\/aikidojo.fr\/ajaccio\/wp-content\/uploads\/2011\/09\/kamisama-tardoun-300x142.jpg 300w, https:\/\/aikidojo.fr\/ajaccio\/wp-content\/uploads\/2011\/09\/kamisama-tardoun-150x71.jpg 150w, https:\/\/aikidojo.fr\/ajaccio\/wp-content\/uploads\/2011\/09\/kamisama-tardoun-400x190.jpg 400w\" sizes=\"(max-width: 576px) 100vw, 576px\" \/><\/a><figcaption id=\"caption-attachment-440\" class=\"wp-caption-text\">photo Stef Bravin<\/figcaption><\/figure>\n<p>&nbsp;<\/p>\n<figure id=\"attachment_441\" aria-describedby=\"caption-attachment-441\" style=\"width: 566px\" class=\"wp-caption alignnone\"><a href=\"https:\/\/aikidojo.fr\/ajaccio\/photo\/416-uchi-deshi-week.html\/attachment\/uchi-deshi-team\" rel=\"attachment wp-att-441\"><img loading=\"lazy\" decoding=\"async\" class=\"size-full wp-image-441 \" title=\"uchi-deshi-team\" src=\"https:\/\/aikidojo.fr\/ajaccio\/wp-content\/uploads\/2011\/09\/uchi-deshi-team.jpg\" alt=\"\" width=\"576\" height=\"237\" srcset=\"https:\/\/aikidojo.fr\/ajaccio\/wp-content\/uploads\/2011\/09\/uchi-deshi-team.jpg 720w, https:\/\/aikidojo.fr\/ajaccio\/wp-content\/uploads\/2011\/09\/uchi-deshi-team-300x123.jpg 300w, https:\/\/aikidojo.fr\/ajaccio\/wp-content\/uploads\/2011\/09\/uchi-deshi-team-150x61.jpg 150w, https:\/\/aikidojo.fr\/ajaccio\/wp-content\/uploads\/2011\/09\/uchi-deshi-team-400x164.jpg 400w\" sizes=\"(max-width: 576px) 100vw, 576px\" \/><\/a><figcaption id=\"caption-attachment-441\" class=\"wp-caption-text\">photo Stef Bravin<\/figcaption><\/figure>\n<figure id=\"attachment_442\" aria-describedby=\"caption-attachment-442\" style=\"width: 566px\" class=\"wp-caption alignnone\"><a href=\"https:\/\/aikidojo.fr\/ajaccio\/photo\/416-uchi-deshi-week.html\/attachment\/scemu\" rel=\"attachment wp-att-442\"><img loading=\"lazy\" decoding=\"async\" class=\"size-full wp-image-442 \" title=\"scemu\" src=\"https:\/\/aikidojo.fr\/ajaccio\/wp-content\/uploads\/2011\/09\/scemu.jpg\" alt=\"\" width=\"576\" height=\"385\" srcset=\"https:\/\/aikidojo.fr\/ajaccio\/wp-content\/uploads\/2011\/09\/scemu.jpg 720w, https:\/\/aikidojo.fr\/ajaccio\/wp-content\/uploads\/2011\/09\/scemu-300x200.jpg 300w, https:\/\/aikidojo.fr\/ajaccio\/wp-content\/uploads\/2011\/09\/scemu-150x100.jpg 150w, https:\/\/aikidojo.fr\/ajaccio\/wp-content\/uploads\/2011\/09\/scemu-400x267.jpg 400w\" sizes=\"(max-width: 576px) 100vw, 576px\" \/><\/a><figcaption id=\"caption-attachment-442\" class=\"wp-caption-text\">l&#39;eau est plut\u00f4t... fra\u00eeche fra\u00eeche ! - photo C\u00e9dric Bournais<\/figcaption><\/figure>\n<p>&nbsp;<\/p>\n<p>&nbsp;<\/p>\n","protected":false},"excerpt":{"rendered":"<p>Ceci est une petite compilation des diff\u00e9rents s\u00e9jours r\u00e9alis\u00e9s de 2008 \u00e0 2010 au dojo du Tardoun dans les Alpes de Haute Provence. Ce dojo avait un parfum d&rsquo;Iwama <\/p>\n","protected":false},"author":2,"featured_media":424,"comment_status":"open","ping_status":"closed","sticky":false,"template":"","format":"standard","meta":{"footnotes":""},"categories":[6],"tags":[],"class_list":["post-416","post","type-post","status-publish","format-standard","has-post-thumbnail","hentry","category-photo","infinite-scroll-item","generate-columns","tablet-grid-50","mobile-grid-100","grid-parent","grid-50"],"yoast_head":"<!-- This site is optimized with the Yoast SEO plugin v23.4 - https:\/\/yoast.com\/wordpress\/plugins\/seo\/ -->\n<title>Semaines uchi deshi au Tardoun - Cours d&#039;Aikido Fondamental \u00e0 Ajaccio<\/title>\n<meta name=\"robots\" content=\"index, follow, max-snippet:-1, max-image-preview:large, max-video-preview:-1\" \/>\n<link rel=\"canonical\" href=\"https:\/\/aikidojo.fr\/ajaccio\/photo\/416-uchi-deshi-week.html\" \/>\n<meta property=\"og:locale\" content=\"fr_FR\" \/>\n<meta property=\"og:type\" content=\"article\" \/>\n<meta property=\"og:title\" content=\"Semaines uchi deshi au Tardoun - Cours d&#039;Aikido Fondamental \u00e0 Ajaccio\" \/>\n<meta property=\"og:description\" content=\"Ceci est une petite compilation des diff\u00e9rents s\u00e9jours r\u00e9alis\u00e9s de 2008 \u00e0 2010 au dojo du Tardoun dans les Alpes de Haute Provence. Ce dojo avait un parfum d&#039;Iwama\" \/>\n<meta property=\"og:url\" content=\"https:\/\/aikidojo.fr\/ajaccio\/photo\/416-uchi-deshi-week.html\" \/>\n<meta property=\"og:site_name\" content=\"Cours d&#039;Aikido Fondamental \u00e0 Ajaccio\" \/>\n<meta property=\"article:publisher\" content=\"https:\/\/www.facebook.com\/aikidojoajaccio\" \/>\n<meta property=\"article:author\" content=\"https:\/\/www.facebook.com\/aikidojoajaccio\" \/>\n<meta property=\"article:published_time\" content=\"2011-09-18T06:05:53+00:00\" \/>\n<meta property=\"article:modified_time\" content=\"2012-04-19T19:51:37+00:00\" \/>\n<meta property=\"og:image\" content=\"https:\/\/aikidojo.fr\/ajaccio\/wp-content\/uploads\/2011\/09\/tardoun.jpg\" \/>\n\t<meta property=\"og:image:width\" content=\"720\" \/>\n\t<meta property=\"og:image:height\" content=\"321\" \/>\n\t<meta property=\"og:image:type\" content=\"image\/jpeg\" \/>\n<meta name=\"author\" content=\"Stef Bravin\" \/>\n<meta name=\"twitter:card\" content=\"summary_large_image\" \/>\n<meta name=\"twitter:label1\" content=\"\u00c9crit par\" \/>\n\t<meta name=\"twitter:data1\" content=\"Stef Bravin\" \/>\n\t<meta name=\"twitter:label2\" content=\"Dur\u00e9e de lecture estim\u00e9e\" \/>\n\t<meta name=\"twitter:data2\" content=\"2 minutes\" \/>\n<script type=\"application\/ld+json\" class=\"yoast-schema-graph\">{\"@context\":\"https:\/\/schema.org\",\"@graph\":[{\"@type\":\"Article\",\"@id\":\"https:\/\/aikidojo.fr\/ajaccio\/photo\/416-uchi-deshi-week.html#article\",\"isPartOf\":{\"@id\":\"https:\/\/aikidojo.fr\/ajaccio\/photo\/416-uchi-deshi-week.html\"},\"author\":{\"name\":\"Stef Bravin\",\"@id\":\"https:\/\/aikidojo.fr\/ajaccio\/#\/schema\/person\/328adca0cc58288bcfb13e3dad16a001\"},\"headline\":\"Semaines uchi deshi au Tardoun\",\"datePublished\":\"2011-09-18T06:05:53+00:00\",\"dateModified\":\"2012-04-19T19:51:37+00:00\",\"mainEntityOfPage\":{\"@id\":\"https:\/\/aikidojo.fr\/ajaccio\/photo\/416-uchi-deshi-week.html\"},\"wordCount\":327,\"commentCount\":0,\"publisher\":{\"@id\":\"https:\/\/aikidojo.fr\/ajaccio\/#organization\"},\"image\":{\"@id\":\"https:\/\/aikidojo.fr\/ajaccio\/photo\/416-uchi-deshi-week.html#primaryimage\"},\"thumbnailUrl\":\"https:\/\/aikidojo.fr\/ajaccio\/wp-content\/uploads\/2011\/09\/tardoun.jpg\",\"articleSection\":[\"Photos\"],\"inLanguage\":\"fr-FR\",\"potentialAction\":[{\"@type\":\"CommentAction\",\"name\":\"Comment\",\"target\":[\"https:\/\/aikidojo.fr\/ajaccio\/photo\/416-uchi-deshi-week.html#respond\"]}]},{\"@type\":\"WebPage\",\"@id\":\"https:\/\/aikidojo.fr\/ajaccio\/photo\/416-uchi-deshi-week.html\",\"url\":\"https:\/\/aikidojo.fr\/ajaccio\/photo\/416-uchi-deshi-week.html\",\"name\":\"Semaines uchi deshi au Tardoun - Cours d&#039;Aikido Fondamental \u00e0 Ajaccio\",\"isPartOf\":{\"@id\":\"https:\/\/aikidojo.fr\/ajaccio\/#website\"},\"primaryImageOfPage\":{\"@id\":\"https:\/\/aikidojo.fr\/ajaccio\/photo\/416-uchi-deshi-week.html#primaryimage\"},\"image\":{\"@id\":\"https:\/\/aikidojo.fr\/ajaccio\/photo\/416-uchi-deshi-week.html#primaryimage\"},\"thumbnailUrl\":\"https:\/\/aikidojo.fr\/ajaccio\/wp-content\/uploads\/2011\/09\/tardoun.jpg\",\"datePublished\":\"2011-09-18T06:05:53+00:00\",\"dateModified\":\"2012-04-19T19:51:37+00:00\",\"breadcrumb\":{\"@id\":\"https:\/\/aikidojo.fr\/ajaccio\/photo\/416-uchi-deshi-week.html#breadcrumb\"},\"inLanguage\":\"fr-FR\",\"potentialAction\":[{\"@type\":\"ReadAction\",\"target\":[\"https:\/\/aikidojo.fr\/ajaccio\/photo\/416-uchi-deshi-week.html\"]}]},{\"@type\":\"ImageObject\",\"inLanguage\":\"fr-FR\",\"@id\":\"https:\/\/aikidojo.fr\/ajaccio\/photo\/416-uchi-deshi-week.html#primaryimage\",\"url\":\"https:\/\/aikidojo.fr\/ajaccio\/wp-content\/uploads\/2011\/09\/tardoun.jpg\",\"contentUrl\":\"https:\/\/aikidojo.fr\/ajaccio\/wp-content\/uploads\/2011\/09\/tardoun.jpg\",\"width\":\"720\",\"height\":\"321\",\"caption\":\"Dojo du Tardoun\"},{\"@type\":\"BreadcrumbList\",\"@id\":\"https:\/\/aikidojo.fr\/ajaccio\/photo\/416-uchi-deshi-week.html#breadcrumb\",\"itemListElement\":[{\"@type\":\"ListItem\",\"position\":1,\"name\":\"Home\",\"item\":\"https:\/\/aikidojo.fr\/ajaccio\/\"},{\"@type\":\"ListItem\",\"position\":2,\"name\":\"Semaines uchi deshi au Tardoun\"}]},{\"@type\":\"WebSite\",\"@id\":\"https:\/\/aikidojo.fr\/ajaccio\/#website\",\"url\":\"https:\/\/aikidojo.fr\/ajaccio\/\",\"name\":\"Aikido Fondamental \u00e0 Ajaccio\",\"description\":\"FAA Corse\",\"publisher\":{\"@id\":\"https:\/\/aikidojo.fr\/ajaccio\/#organization\"},\"potentialAction\":[{\"@type\":\"SearchAction\",\"target\":{\"@type\":\"EntryPoint\",\"urlTemplate\":\"https:\/\/aikidojo.fr\/ajaccio\/?s={search_term_string}\"},\"query-input\":{\"@type\":\"PropertyValueSpecification\",\"valueRequired\":true,\"valueName\":\"search_term_string\"}}],\"inLanguage\":\"fr-FR\"},{\"@type\":\"Organization\",\"@id\":\"https:\/\/aikidojo.fr\/ajaccio\/#organization\",\"name\":\"AIki Dojo Ajaccio\",\"url\":\"https:\/\/aikidojo.fr\/ajaccio\/\",\"logo\":{\"@type\":\"ImageObject\",\"inLanguage\":\"fr-FR\",\"@id\":\"https:\/\/aikidojo.fr\/ajaccio\/#\/schema\/logo\/image\/\",\"url\":\"https:\/\/aikidojo.fr\/ajaccio\/wp-content\/uploads\/2011\/07\/kamon_aikidojo_ajaccio.jpg\",\"contentUrl\":\"https:\/\/aikidojo.fr\/ajaccio\/wp-content\/uploads\/2011\/07\/kamon_aikidojo_ajaccio.jpg\",\"width\":150,\"height\":150,\"caption\":\"AIki Dojo Ajaccio\"},\"image\":{\"@id\":\"https:\/\/aikidojo.fr\/ajaccio\/#\/schema\/logo\/image\/\"},\"sameAs\":[\"https:\/\/www.facebook.com\/aikidojoajaccio\"]},{\"@type\":\"Person\",\"@id\":\"https:\/\/aikidojo.fr\/ajaccio\/#\/schema\/person\/328adca0cc58288bcfb13e3dad16a001\",\"name\":\"Stef Bravin\",\"image\":{\"@type\":\"ImageObject\",\"inLanguage\":\"fr-FR\",\"@id\":\"https:\/\/aikidojo.fr\/ajaccio\/#\/schema\/person\/image\/\",\"url\":\"https:\/\/secure.gravatar.com\/avatar\/4fb70b3bc2f1e476eb9a9d3d3c93a6b5?s=96&d=mm&r=g\",\"contentUrl\":\"https:\/\/secure.gravatar.com\/avatar\/4fb70b3bc2f1e476eb9a9d3d3c93a6b5?s=96&d=mm&r=g\",\"caption\":\"Stef Bravin\"},\"sameAs\":[\"https:\/\/aikidojo.fr\/ajaccio\",\"https:\/\/www.facebook.com\/aikidojoajaccio\",\"https:\/\/www.instagram.com\/aikidojo_ajaccio\",\"https:\/\/youtube.com\/@aikidojoajacciocorse?si=ZsgIRtdGbTMnFWkH\"],\"url\":\"https:\/\/aikidojo.fr\/ajaccio\/author\/stef\"}]}<\/script>\n<!-- \/ Yoast SEO plugin. -->","yoast_head_json":{"title":"Semaines uchi deshi au Tardoun - Cours d&#039;Aikido Fondamental \u00e0 Ajaccio","robots":{"index":"index","follow":"follow","max-snippet":"max-snippet:-1","max-image-preview":"max-image-preview:large","max-video-preview":"max-video-preview:-1"},"canonical":"https:\/\/aikidojo.fr\/ajaccio\/photo\/416-uchi-deshi-week.html","og_locale":"fr_FR","og_type":"article","og_title":"Semaines uchi deshi au Tardoun - Cours d&#039;Aikido Fondamental \u00e0 Ajaccio","og_description":"Ceci est une petite compilation des diff\u00e9rents s\u00e9jours r\u00e9alis\u00e9s de 2008 \u00e0 2010 au dojo du Tardoun dans les Alpes de Haute Provence. Ce dojo avait un parfum d'Iwama","og_url":"https:\/\/aikidojo.fr\/ajaccio\/photo\/416-uchi-deshi-week.html","og_site_name":"Cours d&#039;Aikido Fondamental \u00e0 Ajaccio","article_publisher":"https:\/\/www.facebook.com\/aikidojoajaccio","article_author":"https:\/\/www.facebook.com\/aikidojoajaccio","article_published_time":"2011-09-18T06:05:53+00:00","article_modified_time":"2012-04-19T19:51:37+00:00","og_image":[{"width":720,"height":321,"url":"https:\/\/aikidojo.fr\/ajaccio\/wp-content\/uploads\/2011\/09\/tardoun.jpg","type":"image\/jpeg"}],"author":"Stef Bravin","twitter_card":"summary_large_image","twitter_misc":{"\u00c9crit par":"Stef Bravin","Dur\u00e9e de lecture estim\u00e9e":"2 minutes"},"schema":{"@context":"https:\/\/schema.org","@graph":[{"@type":"Article","@id":"https:\/\/aikidojo.fr\/ajaccio\/photo\/416-uchi-deshi-week.html#article","isPartOf":{"@id":"https:\/\/aikidojo.fr\/ajaccio\/photo\/416-uchi-deshi-week.html"},"author":{"name":"Stef Bravin","@id":"https:\/\/aikidojo.fr\/ajaccio\/#\/schema\/person\/328adca0cc58288bcfb13e3dad16a001"},"headline":"Semaines uchi deshi au Tardoun","datePublished":"2011-09-18T06:05:53+00:00","dateModified":"2012-04-19T19:51:37+00:00","mainEntityOfPage":{"@id":"https:\/\/aikidojo.fr\/ajaccio\/photo\/416-uchi-deshi-week.html"},"wordCount":327,"commentCount":0,"publisher":{"@id":"https:\/\/aikidojo.fr\/ajaccio\/#organization"},"image":{"@id":"https:\/\/aikidojo.fr\/ajaccio\/photo\/416-uchi-deshi-week.html#primaryimage"},"thumbnailUrl":"https:\/\/aikidojo.fr\/ajaccio\/wp-content\/uploads\/2011\/09\/tardoun.jpg","articleSection":["Photos"],"inLanguage":"fr-FR","potentialAction":[{"@type":"CommentAction","name":"Comment","target":["https:\/\/aikidojo.fr\/ajaccio\/photo\/416-uchi-deshi-week.html#respond"]}]},{"@type":"WebPage","@id":"https:\/\/aikidojo.fr\/ajaccio\/photo\/416-uchi-deshi-week.html","url":"https:\/\/aikidojo.fr\/ajaccio\/photo\/416-uchi-deshi-week.html","name":"Semaines uchi deshi au Tardoun - Cours d&#039;Aikido Fondamental \u00e0 Ajaccio","isPartOf":{"@id":"https:\/\/aikidojo.fr\/ajaccio\/#website"},"primaryImageOfPage":{"@id":"https:\/\/aikidojo.fr\/ajaccio\/photo\/416-uchi-deshi-week.html#primaryimage"},"image":{"@id":"https:\/\/aikidojo.fr\/ajaccio\/photo\/416-uchi-deshi-week.html#primaryimage"},"thumbnailUrl":"https:\/\/aikidojo.fr\/ajaccio\/wp-content\/uploads\/2011\/09\/tardoun.jpg","datePublished":"2011-09-18T06:05:53+00:00","dateModified":"2012-04-19T19:51:37+00:00","breadcrumb":{"@id":"https:\/\/aikidojo.fr\/ajaccio\/photo\/416-uchi-deshi-week.html#breadcrumb"},"inLanguage":"fr-FR","potentialAction":[{"@type":"ReadAction","target":["https:\/\/aikidojo.fr\/ajaccio\/photo\/416-uchi-deshi-week.html"]}]},{"@type":"ImageObject","inLanguage":"fr-FR","@id":"https:\/\/aikidojo.fr\/ajaccio\/photo\/416-uchi-deshi-week.html#primaryimage","url":"https:\/\/aikidojo.fr\/ajaccio\/wp-content\/uploads\/2011\/09\/tardoun.jpg","contentUrl":"https:\/\/aikidojo.fr\/ajaccio\/wp-content\/uploads\/2011\/09\/tardoun.jpg","width":"720","height":"321","caption":"Dojo du Tardoun"},{"@type":"BreadcrumbList","@id":"https:\/\/aikidojo.fr\/ajaccio\/photo\/416-uchi-deshi-week.html#breadcrumb","itemListElement":[{"@type":"ListItem","position":1,"name":"Home","item":"https:\/\/aikidojo.fr\/ajaccio\/"},{"@type":"ListItem","position":2,"name":"Semaines uchi deshi au Tardoun"}]},{"@type":"WebSite","@id":"https:\/\/aikidojo.fr\/ajaccio\/#website","url":"https:\/\/aikidojo.fr\/ajaccio\/","name":"Aikido Fondamental \u00e0 Ajaccio","description":"FAA Corse","publisher":{"@id":"https:\/\/aikidojo.fr\/ajaccio\/#organization"},"potentialAction":[{"@type":"SearchAction","target":{"@type":"EntryPoint","urlTemplate":"https:\/\/aikidojo.fr\/ajaccio\/?s={search_term_string}"},"query-input":{"@type":"PropertyValueSpecification","valueRequired":true,"valueName":"search_term_string"}}],"inLanguage":"fr-FR"},{"@type":"Organization","@id":"https:\/\/aikidojo.fr\/ajaccio\/#organization","name":"AIki Dojo Ajaccio","url":"https:\/\/aikidojo.fr\/ajaccio\/","logo":{"@type":"ImageObject","inLanguage":"fr-FR","@id":"https:\/\/aikidojo.fr\/ajaccio\/#\/schema\/logo\/image\/","url":"https:\/\/aikidojo.fr\/ajaccio\/wp-content\/uploads\/2011\/07\/kamon_aikidojo_ajaccio.jpg","contentUrl":"https:\/\/aikidojo.fr\/ajaccio\/wp-content\/uploads\/2011\/07\/kamon_aikidojo_ajaccio.jpg","width":150,"height":150,"caption":"AIki Dojo Ajaccio"},"image":{"@id":"https:\/\/aikidojo.fr\/ajaccio\/#\/schema\/logo\/image\/"},"sameAs":["https:\/\/www.facebook.com\/aikidojoajaccio"]},{"@type":"Person","@id":"https:\/\/aikidojo.fr\/ajaccio\/#\/schema\/person\/328adca0cc58288bcfb13e3dad16a001","name":"Stef Bravin","image":{"@type":"ImageObject","inLanguage":"fr-FR","@id":"https:\/\/aikidojo.fr\/ajaccio\/#\/schema\/person\/image\/","url":"https:\/\/secure.gravatar.com\/avatar\/4fb70b3bc2f1e476eb9a9d3d3c93a6b5?s=96&d=mm&r=g","contentUrl":"https:\/\/secure.gravatar.com\/avatar\/4fb70b3bc2f1e476eb9a9d3d3c93a6b5?s=96&d=mm&r=g","caption":"Stef Bravin"},"sameAs":["https:\/\/aikidojo.fr\/ajaccio","https:\/\/www.facebook.com\/aikidojoajaccio","https:\/\/www.instagram.com\/aikidojo_ajaccio","https:\/\/youtube.com\/@aikidojoajacciocorse?si=ZsgIRtdGbTMnFWkH"],"url":"https:\/\/aikidojo.fr\/ajaccio\/author\/stef"}]}},"_links":{"self":[{"href":"https:\/\/aikidojo.fr\/ajaccio\/wp-json\/wp\/v2\/posts\/416"}],"collection":[{"href":"https:\/\/aikidojo.fr\/ajaccio\/wp-json\/wp\/v2\/posts"}],"about":[{"href":"https:\/\/aikidojo.fr\/ajaccio\/wp-json\/wp\/v2\/types\/post"}],"author":[{"embeddable":true,"href":"https:\/\/aikidojo.fr\/ajaccio\/wp-json\/wp\/v2\/users\/2"}],"replies":[{"embeddable":true,"href":"https:\/\/aikidojo.fr\/ajaccio\/wp-json\/wp\/v2\/comments?post=416"}],"version-history":[{"count":39,"href":"https:\/\/aikidojo.fr\/ajaccio\/wp-json\/wp\/v2\/posts\/416\/revisions"}],"predecessor-version":[{"id":923,"href":"https:\/\/aikidojo.fr\/ajaccio\/wp-json\/wp\/v2\/posts\/416\/revisions\/923"}],"wp:featuredmedia":[{"embeddable":true,"href":"https:\/\/aikidojo.fr\/ajaccio\/wp-json\/wp\/v2\/media\/424"}],"wp:attachment":[{"href":"https:\/\/aikidojo.fr\/ajaccio\/wp-json\/wp\/v2\/media?parent=416"}],"wp:term":[{"taxonomy":"category","embeddable":true,"href":"https:\/\/aikidojo.fr\/ajaccio\/wp-json\/wp\/v2\/categories?post=416"},{"taxonomy":"post_tag","embeddable":true,"href":"https:\/\/aikidojo.fr\/ajaccio\/wp-json\/wp\/v2\/tags?post=416"}],"curies":[{"name":"wp","href":"https:\/\/api.w.org\/{rel}","templated":true}]}}